{"id":30721,"date":"2016-12-02T09:42:19","date_gmt":"2016-12-02T09:42:19","guid":{"rendered":"http:\/\/www.fg.ull.es\/es\/?p=30721"},"modified":"2016-12-02T09:42:19","modified_gmt":"2016-12-02T09:42:19","slug":"celebradas-las-iii-jornadas-los-derechos-lgtbi-son-derechos-humanos","status":"publish","type":"post","link":"https:\/\/fg.ull.es\/hemeroteca\/2016\/12\/02\/celebradas-las-iii-jornadas-los-derechos-lgtbi-son-derechos-humanos\/","title":{"rendered":"Celebradas las III Jornadas &#034;Los derechos LGTBI son derechos humanos\u201d"},"content":{"rendered":"<h1><strong>Celebradas las III Jornadas &#8220;Los derechos LGTBI son derechos humanos&#8221;<\/strong><\/h1>\n<h4>El encuentro se desarroll\u00f3 ayer, 1 de diciembre, en el Sal\u00f3n de Actos de la Sede de la Presidencia del Gobierno, de 9 a 19 horas.<\/h4>\n<p>El acto fue organizadas por\u00a0la Concejal\u00eda de Igualdad del Ayuntamiento de Santa Cruz de Tenerife, con la colaboraci\u00f3n de la Fundaci\u00f3n General de la Universidad de La Laguna y del Gobierno de Canarias.<br \/>\nLa jornada de ma\u00f1ana comenz\u00f3 con la inauguraci\u00f3n y presentaci\u00f3n del encuentro, para dar paso a la ponencia inaugural \u201cTransexualidades: otras miradas posibles&#8221;, con el soci\u00f3logo y activista transexual, <em>Miguel Miss\u00e9<\/em>. \u00a0A partir de las 10.30 horas lleg\u00f3 el turno de la profesora de la Facultad de la Universidad de Valladolid y vicepresidenta de la Fundaci\u00f3n Tri\u00e1ngulo, <em>Marina Echebarr\u00eda S\u00e1enz<\/em>, quien ofreci\u00f3 la conferencia \u201cMenores trans*: situaci\u00f3n legal y repercusiones de la invisibilidad&#8221;.<br \/>\nPosteriormente, el profesor del departamento de Ciencia Pol\u00edtica y Administraci\u00f3n de la Facultad de Ciencias Pol\u00edticas y Sociolog\u00eda de la Universidad Complutense de Madrid y a ctivista por los derechos LGTBQ, <em>Lucas Platero M\u00e9ndez<\/em>, quien intervino con \u201c\u201cInfancia y juventud trans*. C\u00f3mo enfrentar la transfobia&#8221;.<br \/>\nEste primer turno concluy\u00f3 con una reflexi\u00f3n y un debate sobre todos los contenidos abordados.<br \/>\nA las 15.30 horas arranc\u00f3 la jornada de tarde con una mesa redonda sobre &#8220;Miradas diversas sobre la realidad de menores trans*&#8221;. El itinerario continu\u00f3 con los espacios \u201cBuenas pr\u00e1cticas con poblaci\u00f3n infantil y juvenil sobre Diversidad Sexual y de G\u00e9nero Testimonios\u201d, \u201cDECIdienDO mi identidad. Transexualidad en menores&#8221; y una sesi\u00f3n final sobre reflexi\u00f3n y s\u00edntesis sobre los \u201cRetos y propuestas para el 2017\u201d. Finalmente, a las 19 horas, se efectu\u00f3 la clausura de las III Jornadas LGTBI.<\/p>\n","protected":false},"excerpt":{"rendered":"<p>El encuentro se desarroll\u00f3 ayer, 1 de diciembre, en el Sal\u00f3n de Actos de la Sede de la Presidencia del Gobierno, de 9 a 19 horas.<\/p>\n","protected":false},"author":37,"featured_media":30726,"comment_status":"closed","ping_status":"closed","sticky":false,"template":"","format":"standard","meta":{"footnotes":""},"categories":[8],"tags":[215,727,892,947,1056],"featured_image_thumbnail_url":"https:\/\/fg.ull.es\/hemeroteca\/wp-content\/uploads\/sites\/14\/2016\/12\/Jorn-LGTBI-inaug-01-1-300x200.jpg","_links":{"self":[{"href":"https:\/\/fg.ull.es\/hemeroteca\/wp-json\/wp\/v2\/posts\/30721"}],"collection":[{"href":"https:\/\/fg.ull.es\/hemeroteca\/wp-json\/wp\/v2\/posts"}],"about":[{"href":"https:\/\/fg.ull.es\/hemeroteca\/wp-json\/wp\/v2\/types\/post"}],"author":[{"embeddable":true,"href":"https:\/\/fg.ull.es\/hemeroteca\/wp-json\/wp\/v2\/users\/37"}],"replies":[{"embeddable":true,"href":"https:\/\/fg.ull.es\/hemeroteca\/wp-json\/wp\/v2\/comments?post=30721"}],"version-history":[{"count":0,"href":"https:\/\/fg.ull.es\/hemeroteca\/wp-json\/wp\/v2\/posts\/30721\/revisions"}],"wp:featuredmedia":[{"embeddable":true,"href":"https:\/\/fg.ull.es\/hemeroteca\/wp-json\/wp\/v2\/media\/30726"}],"wp:attachment":[{"href":"https:\/\/fg.ull.es\/hemeroteca\/wp-json\/wp\/v2\/media?parent=30721"}],"wp:term":[{"taxonomy":"category","embeddable":true,"href":"https:\/\/fg.ull.es\/hemeroteca\/wp-json\/wp\/v2\/categories?post=30721"},{"taxonomy":"post_tag","embeddable":true,"href":"https:\/\/fg.ull.es\/hemeroteca\/wp-json\/wp\/v2\/tags?post=30721"}],"curies":[{"name":"wp","href":"https:\/\/api.w.org\/{rel}","templated":true}]}}