{"id":30710,"date":"2016-12-01T14:23:54","date_gmt":"2016-12-01T14:23:54","guid":{"rendered":"http:\/\/www.fg.ull.es\/es\/?p=30710"},"modified":"2016-12-01T14:23:54","modified_gmt":"2016-12-01T14:23:54","slug":"la-ull-firma-un-nuevo-contrato-de-colaboracion-con-electronics-and-telecommunications-research-institute-una-de-las-instituciones-de-investigacion-mas-importante-del-pais","status":"publish","type":"post","link":"https:\/\/fg.ull.es\/hemeroteca\/2016\/12\/01\/la-ull-firma-un-nuevo-contrato-de-colaboracion-con-electronics-and-telecommunications-research-institute-una-de-las-instituciones-de-investigacion-mas-importante-del-pais\/","title":{"rendered":"La ULL firma un nuevo contrato de colaboraci\u00f3n con Electronics and Telecommunications Research Institute, una de las instituciones de investigaci\u00f3n m\u00e1s importante del pa\u00eds"},"content":{"rendered":"<h1>La ULL firma un nuevo contrato de colaboraci\u00f3n con <em>Electronics and Telecommunications Research Institute, <\/em>una de las instituciones de investigaci\u00f3n m\u00e1s importante del pa\u00eds<\/h1>\n<h4>Rubricaban el acuerdo Francisco Almeida, vicerrector de Investigaci\u00f3n, Julio Brito, gerente de la Fundaci\u00f3n General y varios representantes de la empresa asi\u00e1tica<\/h4>\n<p>La pasada semana se firmaba en las dependencias del Vicerrectorado de Investigaci\u00f3n de la Universidad de La Laguna el contrato que dar\u00e1 comienzo a un trabajo conjunto entre la Universidad de La Laguna y la empresa coreana <em>Electronics and Telecommunications Research Institute<\/em>.<br \/>\nEl investigador principal que ha liderado este proyecto es Jos\u00e9 Manuel Rodr\u00edguez Ramos que, junto a los investigadores Jos\u00e9 Gil Marichal Hern\u00e1ndez, Jonas Philipp L\u00fcke y Fernando Rosa Gonz\u00e1lez, constituyen el equipo que ejecutar\u00e1 el trabajo. Su labor se centrar\u00e1 en la incorporaci\u00f3n de la tecnolog\u00eda plen\u00f3ptica en c\u00e1maras ETRI o prototipos multic\u00e1mara.<br \/>\nEl Grupo de Investigaci\u00f3n ha generado una patente que permite generar im\u00e1genes 3D en tiempo real y puede tener aplicaciones en la industria m\u00e9dica, meteorolog\u00eda, \u00f3ptica, cine y televisi\u00f3n. Este contrato permitir\u00e1 que la empresa de Corea del Sur desarrolle junto a la ULL sistemas de imagen integral basados en dichas patentes de la universidad canaria.<br \/>\nEl acuerdo ronda los 30.000 euros y ser\u00e1 prorrogable; la gesti\u00f3n econ\u00f3mica y administrativa corre a cargo de la Fundaci\u00f3n universitaria.<\/p>\n","protected":false},"excerpt":{"rendered":"<p>Rubricaban el acuerdo Francisco Almeida, vicerrector de Investigaci\u00f3n, Julio Brito, gerente de la Fundaci\u00f3n General y varios representantes de la empresa asi\u00e1tica<\/p>\n","protected":false},"author":37,"featured_media":30712,"comment_status":"closed","ping_status":"closed","sticky":false,"template":"","format":"standard","meta":{"footnotes":""},"categories":[8],"tags":[392,515,703,1396],"featured_image_thumbnail_url":"https:\/\/fg.ull.es\/hemeroteca\/wp-content\/uploads\/sites\/14\/2016\/12\/Selecci\u00f3n_B-1-300x201.jpg","_links":{"self":[{"href":"https:\/\/fg.ull.es\/hemeroteca\/wp-json\/wp\/v2\/posts\/30710"}],"collection":[{"href":"https:\/\/fg.ull.es\/hemeroteca\/wp-json\/wp\/v2\/posts"}],"about":[{"href":"https:\/\/fg.ull.es\/hemeroteca\/wp-json\/wp\/v2\/types\/post"}],"author":[{"embeddable":true,"href":"https:\/\/fg.ull.es\/hemeroteca\/wp-json\/wp\/v2\/users\/37"}],"replies":[{"embeddable":true,"href":"https:\/\/fg.ull.es\/hemeroteca\/wp-json\/wp\/v2\/comments?post=30710"}],"version-history":[{"count":0,"href":"https:\/\/fg.ull.es\/hemeroteca\/wp-json\/wp\/v2\/posts\/30710\/revisions"}],"wp:featuredmedia":[{"embeddable":true,"href":"https:\/\/fg.ull.es\/hemeroteca\/wp-json\/wp\/v2\/media\/30712"}],"wp:attachment":[{"href":"https:\/\/fg.ull.es\/hemeroteca\/wp-json\/wp\/v2\/media?parent=30710"}],"wp:term":[{"taxonomy":"category","embeddable":true,"href":"https:\/\/fg.ull.es\/hemeroteca\/wp-json\/wp\/v2\/categories?post=30710"},{"taxonomy":"post_tag","embeddable":true,"href":"https:\/\/fg.ull.es\/hemeroteca\/wp-json\/wp\/v2\/tags?post=30710"}],"curies":[{"name":"wp","href":"https:\/\/api.w.org\/{rel}","templated":true}]}}