{"id":30664,"date":"2016-11-30T15:30:57","date_gmt":"2016-11-30T15:30:57","guid":{"rendered":"http:\/\/www.fg.ull.es\/es\/?p=30664"},"modified":"2016-11-30T15:30:57","modified_gmt":"2016-11-30T15:30:57","slug":"segundo-listado-provisional-de-la-convocatoria-de-seleccion-de-una-beca-de-biologoa-con-cargo-al-proyecto-de-investigacion-puesta-a-punto-de-un-metodo-analitico-y-analisis-de-variedades-de-vid-de-can","status":"publish","type":"post","link":"https:\/\/fg.ull.es\/hemeroteca\/2016\/11\/30\/segundo-listado-provisional-de-la-convocatoria-de-seleccion-de-una-beca-de-biologoa-con-cargo-al-proyecto-de-investigacion-puesta-a-punto-de-un-metodo-analitico-y-analisis-de-variedades-de-vid-de-can\/","title":{"rendered":"Segundo listado provisional de la convocatoria de selecci\u00f3n de una beca de bi\u00f3logo\/a con cargo al proyecto de investigaci\u00f3n Puesta a punto de un m\u00e9todo anal\u00edtico y an\u00e1lisis de variedades de vid de Canarias"},"content":{"rendered":"<h1><strong>Segundo listado provisional de la convocatoria de selecci\u00f3n de una beca de bi\u00f3logo\/a con cargo al proyecto de investigaci\u00f3n <em>Puesta a punto de un m\u00e9todo anal\u00edtico y an\u00e1lisis de variedades de vid de Canarias<\/em><\/strong><\/h1>\n<h4>Finalizada la segunda fase del proceso selectivo se procede a publicar el segundo listado provisional de aceptados\/as en la convocatoria de selecci\u00f3n de selecci\u00f3n de una beca de bi\u00f3logo\/a con cargo al proyecto de investigaci\u00f3n <em>Puesta a punto de un m\u00e9todo anal\u00edtico y an\u00e1lisis de variedades de vid de Canarias<\/em>.<\/h4>\n<p>A partir de este momento comienza el periodo de eventuales alegaciones que finalizar\u00e1 el pr\u00f3ximo d\u00eda 03 de diciembre de 2016. Finalizado \u00e9ste y resueltas las alegaciones, se proceder\u00e1 a publicar el segundo listado definitivo con la confecci\u00f3n de la bolsa.<br \/>\nLas alegaciones \u00fanica y exclusivamente se podr\u00e1n presentar telem\u00e1ticamente al correo electr\u00f3nico seleccion@fg.ull.es y utilizando el siguiente documento normalizado: <a href=\"http:\/\/www.fg.ull.es\/wp-content\/uploads\/2016\/02\/G-D-151c-PLANTILLA-ALEGACIONES-CONVOCATORIA-PERSONAL.dotx\" target=\"_blank\" rel=\"noopener noreferrer\">documento de alegaciones<\/a>.<br \/>\nPara la valoraci\u00f3n de todas y cada una de las candidaturas, y de los futuros procesos, se ha tomado como fundamento lo especificado en:<\/p>\n<ul>\n<li><a href=\"http:\/\/www.fg.ull.es\/wp-content\/uploads\/2016\/10\/Bases-Generales-Becas-formativas-de-investigaci%C3%B3n.pdf\" target=\"_blank\" rel=\"noopener noreferrer\">Bases generales.<\/a><\/li>\n<li><a href=\"http:\/\/www.fg.ull.es\/wp-content\/uploads\/2016\/11\/Perfil-Singular.pdf\" target=\"_blank\" rel=\"noopener noreferrer\">Perfil singular.<\/a><\/li>\n<\/ul>\n<p>Puede ver el listado <a href=\"http:\/\/www.fg.ull.es\/wp-content\/uploads\/2016\/11\/20161129-2\u00ba-Listado-Provisional.pdf\" target=\"_blank\" rel=\"noopener noreferrer\">aqu\u00ed<\/a>.<\/p>\n","protected":false},"excerpt":{"rendered":"<p>Segundo listado provisional de la convocatoria de selecci\u00f3n de una beca de bi\u00f3logo\/a con cargo al proyecto de investigaci\u00f3n Puesta a punto de un m\u00e9todo anal\u00edtico y an\u00e1lisis de variedades de vid de Canarias Finalizada la segunda fase del proceso selectivo se procede a publicar el segundo listado provisional de aceptados\/as en la convocatoria de&#8230;<\/p>\n","protected":false},"author":5,"featured_media":0,"comment_status":"closed","ping_status":"closed","sticky":false,"template":"","format":"standard","meta":{"footnotes":""},"categories":[2],"tags":[230,821,862],"featured_image_thumbnail_url":null,"_links":{"self":[{"href":"https:\/\/fg.ull.es\/hemeroteca\/wp-json\/wp\/v2\/posts\/30664"}],"collection":[{"href":"https:\/\/fg.ull.es\/hemeroteca\/wp-json\/wp\/v2\/posts"}],"about":[{"href":"https:\/\/fg.ull.es\/hemeroteca\/wp-json\/wp\/v2\/types\/post"}],"author":[{"embeddable":true,"href":"https:\/\/fg.ull.es\/hemeroteca\/wp-json\/wp\/v2\/users\/5"}],"replies":[{"embeddable":true,"href":"https:\/\/fg.ull.es\/hemeroteca\/wp-json\/wp\/v2\/comments?post=30664"}],"version-history":[{"count":0,"href":"https:\/\/fg.ull.es\/hemeroteca\/wp-json\/wp\/v2\/posts\/30664\/revisions"}],"wp:attachment":[{"href":"https:\/\/fg.ull.es\/hemeroteca\/wp-json\/wp\/v2\/media?parent=30664"}],"wp:term":[{"taxonomy":"category","embeddable":true,"href":"https:\/\/fg.ull.es\/hemeroteca\/wp-json\/wp\/v2\/categories?post=30664"},{"taxonomy":"post_tag","embeddable":true,"href":"https:\/\/fg.ull.es\/hemeroteca\/wp-json\/wp\/v2\/tags?post=30664"}],"curies":[{"name":"wp","href":"https:\/\/api.w.org\/{rel}","templated":true}]}}