{"id":30532,"date":"2016-11-23T09:24:18","date_gmt":"2016-11-23T09:24:18","guid":{"rendered":"http:\/\/www.fg.ull.es\/es\/?p=30532"},"modified":"2016-11-23T09:24:18","modified_gmt":"2016-11-23T09:24:18","slug":"programacion-mensual-de-cursos-para-diciembre-de-2016","status":"publish","type":"post","link":"https:\/\/fg.ull.es\/hemeroteca\/2016\/11\/23\/programacion-mensual-de-cursos-para-diciembre-de-2016\/","title":{"rendered":"Programaci\u00f3n mensual de cursos para diciembre de 2016"},"content":{"rendered":"<h4>Para este mes de diciembre\u00a0se presentan un total de doce\u00a0cursos de tem\u00e1ticas muy variadas.<\/h4>\n<div class=\"contingut_tiny\">\nA continuaci\u00f3n pueden consultar la oferta formativa de la Fundaci\u00f3n para el mes de diciembre. Se incluyen cursos tanto presenciales como v\u00eda online.<br \/>\n<span style=\"color: #005689\">(<a style=\"color: #005689\" href=\"http:\/\/www.fg.ull.es\/wp-content\/uploads\/2016\/11\/cursos_mensual_diciembre_2016.pdf\">Cartel con enlaces a la inscripci\u00f3n y m\u00e1s informaci\u00f3n de cada curso)<\/a><\/span><br \/>\nLas personas interesadas pueden formalizar su inscripci\u00f3n hasta varios d\u00edas antes del comienzo de los cursos.<br \/>\nPara acceder a m\u00e1s informaci\u00f3n y matr\u00edcula, pueden hacerlo a trav\u00e9s de nuestra sede electr\u00f3nica.\n<\/div>\n","protected":false},"excerpt":{"rendered":"<p>Para el pr\u00f3ximo mes de diciembre de 2016 se presentan un total de doce cursos de tem\u00e1ticas muy variadas.<\/p>\n","protected":false},"author":4,"featured_media":30533,"comment_status":"closed","ping_status":"closed","sticky":false,"template":"","format":"standard","meta":{"footnotes":""},"categories":[5],"tags":[425,672,1353,1424],"featured_image_thumbnail_url":"https:\/\/fg.ull.es\/hemeroteca\/wp-content\/uploads\/sites\/14\/2016\/11\/Banner_cursos_diciembre-300x169.png","_links":{"self":[{"href":"https:\/\/fg.ull.es\/hemeroteca\/wp-json\/wp\/v2\/posts\/30532"}],"collection":[{"href":"https:\/\/fg.ull.es\/hemeroteca\/wp-json\/wp\/v2\/posts"}],"about":[{"href":"https:\/\/fg.ull.es\/hemeroteca\/wp-json\/wp\/v2\/types\/post"}],"author":[{"embeddable":true,"href":"https:\/\/fg.ull.es\/hemeroteca\/wp-json\/wp\/v2\/users\/4"}],"replies":[{"embeddable":true,"href":"https:\/\/fg.ull.es\/hemeroteca\/wp-json\/wp\/v2\/comments?post=30532"}],"version-history":[{"count":0,"href":"https:\/\/fg.ull.es\/hemeroteca\/wp-json\/wp\/v2\/posts\/30532\/revisions"}],"wp:featuredmedia":[{"embeddable":true,"href":"https:\/\/fg.ull.es\/hemeroteca\/wp-json\/wp\/v2\/media\/30533"}],"wp:attachment":[{"href":"https:\/\/fg.ull.es\/hemeroteca\/wp-json\/wp\/v2\/media?parent=30532"}],"wp:term":[{"taxonomy":"category","embeddable":true,"href":"https:\/\/fg.ull.es\/hemeroteca\/wp-json\/wp\/v2\/categories?post=30532"},{"taxonomy":"post_tag","embeddable":true,"href":"https:\/\/fg.ull.es\/hemeroteca\/wp-json\/wp\/v2\/tags?post=30532"}],"curies":[{"name":"wp","href":"https:\/\/api.w.org\/{rel}","templated":true}]}}