{"id":30436,"date":"2016-11-21T12:20:27","date_gmt":"2016-11-21T12:20:27","guid":{"rendered":"http:\/\/www.fg.ull.es\/es\/?p=30436"},"modified":"2016-11-21T12:20:27","modified_gmt":"2016-11-21T12:20:27","slug":"app-store-optimization-aso-cierra-la-semana-de-las-apps-de-emprende-ull","status":"publish","type":"post","link":"https:\/\/fg.ull.es\/hemeroteca\/2016\/11\/21\/app-store-optimization-aso-cierra-la-semana-de-las-apps-de-emprende-ull\/","title":{"rendered":"\u201cApp Store Optimization (ASO)\u201d marca el final de la \u201cSemana de las Apps\u201d de Emprende.ull"},"content":{"rendered":"<h1><strong>\u201cApp Store Optimization (ASO)\u201d marca el final de la \u201cSemana de las Apps\u201d de Emprende.ull<\/strong><\/h1>\n<h4>Esta \u00faltima p\u00edldora formativa sobre emprendimiento se desarrollar\u00e1 el pr\u00f3ximo mi\u00e9rcoles, 23 de noviembre, en el edificio CajaCanarias del Campus Anchieta de la ULL<\/h4>\n<p>La Unidad de Emprendimiento de la Fundaci\u00f3n General de la Universidad de La Laguna, celebra desde hoy, 21 de noviembre, y hasta este mi\u00e9rcoles, 23 de noviembre, la \u201cSemana de las Apps\u201d. Una nueva formaci\u00f3n gratuita, destinada a emprendedores y emprendedoras en potencia.\u00a0 Tras las dos primeras p\u00edldoras, \u201c<a href=\"https:\/\/sede.fg.ull.es\/es\/emprendimiento\/detalle\/a16040099\/pildora-formativa-prototipado-de-apps\" target=\"_blank\" rel=\"noopener noreferrer\">Prototipado de Apps<\/a>\u201d y \u201c<a href=\"https:\/\/sede.fg.ull.es\/es\/emprendimiento\/detalle\/a16040100\/pildora-formativa-desarrollo-de-apps\" target=\"_blank\" rel=\"noopener noreferrer\">Desarrollo de Apps<\/a>\u201d, ser\u00e1 \u201c<a href=\"https:\/\/sede.fg.ull.es\/es\/emprendimiento\/detalle\/a16040090\/pildora-formativa-app-store-optimization-aso\" target=\"_blank\" rel=\"noopener noreferrer\">App Store Optimization (ASO)<\/a>\u201d la que concluya esta\u00a0actividad tem\u00e1tica.<br \/>\nDurante el encuentro, se complementar\u00e1n las acciones realizadas en las dos primeras sesiones y las personas participantes aprender\u00e1n utilizar las t\u00e9cnicas ASO, para optimizar y configurar sus aplicaciones m\u00f3viles, de la mano del socio fundador de <a href=\"http:\/\/metriz.com\/\" target=\"_blank\" rel=\"noopener noreferrer\">M\u00e9triz Canarias<\/a>, <strong><a href=\"https:\/\/www.linkedin.com\/in\/jfrechin?authType=NAME_SEARCH&amp;authToken=9DQ3&amp;locale=es_ES&amp;trk=tyah&amp;trkInfo=clickedVertical%3Amynetwork%2CclickedEntityId%3A17997985%2CauthType%3ANAME_SEARCH%2Cidx%3A1-1-1%2CtarId%3A1479205040111%2Ctas%3Afrechin\" target=\"_blank\" rel=\"noopener noreferrer\">Jos\u00e9 Miguel Gonz\u00e1lez Frech\u00edn<\/a>, <\/strong>experto en el desarrollo de proyectos web, comunicaci\u00f3n digital, marketing en redes sociales, publicidad digital y formaci\u00f3n.<br \/>\nLos enlaces de inscripci\u00f3n para las tres p\u00edldoras contin\u00faan activos en la sede electr\u00f3nica de Fundaci\u00f3n General de la ULL. Las formaciones se desarrollar\u00e1n, de 16 a 19 horas, en el edificio CajaCanarias del Campus Anchieta de la Universidad de La Laguna.<br \/>\n&nbsp;<br \/>\n[vc_btn title=&#8221;Inscripci\u00f3n en &#8220;Prototipado de Apps&#8220;&#8221; link=&#8221;url:https%3A%2F%2Fsede.fg.ull.es%2Fes%2Femprendimiento%2Fdetalle%2Fa16040099%2Fpildora-formativa-prototipado-de-apps||target:%20_blank|&#8221;][vc_btn title=&#8221; Inscripci\u00f3n en &#8220;Desarrollo de Apps&#8220;&#8221; link=&#8221;url:https%3A%2F%2Fsede.fg.ull.es%2Fes%2Femprendimiento%2Fdetalle%2Fa16040100%2Fpildora-formativa-desarrollo-de-apps||target:%20_blank|&#8221;][vc_btn title=&#8221;Inscripci\u00f3n en &#8220;App Store Optimization (ASO)&#8220;&#8221; link=&#8221;url:https%3A%2F%2Fsede.fg.ull.es%2Fes%2Femprendimiento%2Fdetalle%2Fa16040090%2Fpildora-formativa-app-store-optimization-aso||target:%20_blank|&#8221;]<\/p>\n","protected":false},"excerpt":{"rendered":"<p>Esta \u00faltima p\u00edldora formativa sobre emprendimiento se desarrollar\u00e1, el pr\u00f3ximo mi\u00e9rcoles, 23 de noviembre, en el edificio CajaCanarias del Campus Anchieta de la ULL<\/p>\n","protected":false},"author":37,"featured_media":30438,"comment_status":"closed","ping_status":"closed","sticky":false,"template":"","format":"standard","meta":{"footnotes":""},"categories":[3],"tags":[50,523,541,672,673,1105,1267],"featured_image_thumbnail_url":"https:\/\/fg.ull.es\/hemeroteca\/wp-content\/uploads\/sites\/14\/2016\/11\/pantalla_1280x720px-4-300x169.png","_links":{"self":[{"href":"https:\/\/fg.ull.es\/hemeroteca\/wp-json\/wp\/v2\/posts\/30436"}],"collection":[{"href":"https:\/\/fg.ull.es\/hemeroteca\/wp-json\/wp\/v2\/posts"}],"about":[{"href":"https:\/\/fg.ull.es\/hemeroteca\/wp-json\/wp\/v2\/types\/post"}],"author":[{"embeddable":true,"href":"https:\/\/fg.ull.es\/hemeroteca\/wp-json\/wp\/v2\/users\/37"}],"replies":[{"embeddable":true,"href":"https:\/\/fg.ull.es\/hemeroteca\/wp-json\/wp\/v2\/comments?post=30436"}],"version-history":[{"count":0,"href":"https:\/\/fg.ull.es\/hemeroteca\/wp-json\/wp\/v2\/posts\/30436\/revisions"}],"wp:featuredmedia":[{"embeddable":true,"href":"https:\/\/fg.ull.es\/hemeroteca\/wp-json\/wp\/v2\/media\/30438"}],"wp:attachment":[{"href":"https:\/\/fg.ull.es\/hemeroteca\/wp-json\/wp\/v2\/media?parent=30436"}],"wp:term":[{"taxonomy":"category","embeddable":true,"href":"https:\/\/fg.ull.es\/hemeroteca\/wp-json\/wp\/v2\/categories?post=30436"},{"taxonomy":"post_tag","embeddable":true,"href":"https:\/\/fg.ull.es\/hemeroteca\/wp-json\/wp\/v2\/tags?post=30436"}],"curies":[{"name":"wp","href":"https:\/\/api.w.org\/{rel}","templated":true}]}}