{"id":29872,"date":"2016-10-31T11:12:01","date_gmt":"2016-10-31T11:12:01","guid":{"rendered":"http:\/\/www.fg.ull.es\/es\/?p=29872"},"modified":"2016-10-31T11:12:01","modified_gmt":"2016-10-31T11:12:01","slug":"29872","status":"publish","type":"post","link":"https:\/\/fg.ull.es\/hemeroteca\/2016\/10\/31\/29872\/","title":{"rendered":"\u201cEmprendimiento en el aula: un reto en Educaci\u00f3n\u201d en la ULL"},"content":{"rendered":"<h1><strong>\u201cEmprendimiento en el aula: un reto en Educaci\u00f3n\u201d en la ULL<\/strong><\/h1>\n<h4>La Facultad de Econom\u00eda, Empresa y Turismo de la Universidad de La Laguna se convertir\u00e1 en sede de esta conferencia, enfocada al emprendimiento y la innovaci\u00f3n en educaci\u00f3n, el pr\u00f3ximo 10 de noviembre<\/h4>\n<p>Durante el encuentro se abordar\u00e1 el uso de las nuevas tecnolog\u00edas dentro de los ecosistemas educativos, analizando las ventajas derivadas de la aplicaci\u00f3n de estas nuevas t\u00e9cnicas en el desarrollo del alumnado. Asimismo, se expondr\u00e1n tanto las buenas pr\u00e1cticas, como los resultados obtenidos en distintas experiencias de implementaci\u00f3n del emprendimiento en las primeras etapas educativas.<br \/>\nPara incidir en estas cuestiones, se contar\u00e1 con dos profesionales de gran prestigio en los campos de la tecnolog\u00eda, la educaci\u00f3n y el emprendimiento. El\u00a0investigador y divulgador de las tecnolog\u00edas en el aula, y autor del <a href=\"http:\/\/canaltic.com\/blog\/\">blog m\u00e1s influyente<\/a> en la comunidad educativa espa\u00f1ola, Fernando Posada y la TEDx Senior Ambassador en Europa y Ambassador para<a href=\"http:\/\/spain.ashoka.org\/\">\u00a0Ashoka Espa\u00f1a<\/a>, Antonella Broglia.<br \/>\nLa conferencia est\u00e1 impulsada por la Universidad de La Laguna y su Fundaci\u00f3n General, con la colaboraci\u00f3n de la Consejer\u00eda de Educaci\u00f3n del Gobierno de Canarias y la financiaci\u00f3n del Ayuntamiento de La Laguna. Se desarrollar\u00e1 en el Aula Magna de la Facultad de Econom\u00eda, Empresa y Turismo\u00a0de la Universidad de La Laguna, el pr\u00f3ximo 10 de noviembre, en horario de tarde, de 17:30\u00a0a 19:30\u00a0horas<br \/>\nLas personas interesadas en asistir, todav\u00eda pueden inscribirse, a trav\u00e9s de <a href=\"https:\/\/sede.fg.ull.es\/es\/emprendimiento\/detalle\/a16230069\/emprendimiento-en-el-aula-un-reto-en-educacion\">este enlace<\/a>. La entrada es libre y gratuita, pero el aforo es limitado.<br \/>\n<strong>Inscripci\u00f3n <a href=\"https:\/\/sede.fg.ull.es\/es\/emprendimiento\/detalle\/a16230069\/emprendimiento-en-el-aula-un-reto-en-educacion\">AQU\u00cd<\/a><\/strong><\/p>\n","protected":false},"excerpt":{"rendered":"<p>\u201cEmprendimiento en el aula: un reto en Educaci\u00f3n\u201d en la ULL<\/p>\n","protected":false},"author":37,"featured_media":29873,"comment_status":"closed","ping_status":"closed","sticky":false,"template":"","format":"standard","meta":{"footnotes":""},"categories":[3],"tags":[62,504,541,703,1058,1396],"featured_image_thumbnail_url":"https:\/\/fg.ull.es\/hemeroteca\/wp-content\/uploads\/sites\/14\/2016\/10\/pantalla_1280x720px-2-300x169.jpg","_links":{"self":[{"href":"https:\/\/fg.ull.es\/hemeroteca\/wp-json\/wp\/v2\/posts\/29872"}],"collection":[{"href":"https:\/\/fg.ull.es\/hemeroteca\/wp-json\/wp\/v2\/posts"}],"about":[{"href":"https:\/\/fg.ull.es\/hemeroteca\/wp-json\/wp\/v2\/types\/post"}],"author":[{"embeddable":true,"href":"https:\/\/fg.ull.es\/hemeroteca\/wp-json\/wp\/v2\/users\/37"}],"replies":[{"embeddable":true,"href":"https:\/\/fg.ull.es\/hemeroteca\/wp-json\/wp\/v2\/comments?post=29872"}],"version-history":[{"count":0,"href":"https:\/\/fg.ull.es\/hemeroteca\/wp-json\/wp\/v2\/posts\/29872\/revisions"}],"wp:featuredmedia":[{"embeddable":true,"href":"https:\/\/fg.ull.es\/hemeroteca\/wp-json\/wp\/v2\/media\/29873"}],"wp:attachment":[{"href":"https:\/\/fg.ull.es\/hemeroteca\/wp-json\/wp\/v2\/media?parent=29872"}],"wp:term":[{"taxonomy":"category","embeddable":true,"href":"https:\/\/fg.ull.es\/hemeroteca\/wp-json\/wp\/v2\/categories?post=29872"},{"taxonomy":"post_tag","embeddable":true,"href":"https:\/\/fg.ull.es\/hemeroteca\/wp-json\/wp\/v2\/tags?post=29872"}],"curies":[{"name":"wp","href":"https:\/\/api.w.org\/{rel}","templated":true}]}}