{"id":29780,"date":"2016-10-25T16:54:36","date_gmt":"2016-10-25T15:54:36","guid":{"rendered":"http:\/\/www.fg.ull.es\/es\/?p=29780"},"modified":"2016-10-25T16:54:36","modified_gmt":"2016-10-25T15:54:36","slug":"jornada-del-programa-aulas-empresas-ull","status":"publish","type":"post","link":"https:\/\/fg.ull.es\/hemeroteca\/2016\/10\/25\/jornada-del-programa-aulas-empresas-ull\/","title":{"rendered":"Jornada del programa Aulas &#038; Empresas ULL"},"content":{"rendered":"<h1>Jornada del programa Aulas &amp; Empresas ULL<\/h1>\n<h4>El pr\u00f3ximo 28 de octubre, en \u00a0la Facultad de Econom\u00eda, Empresa y Turismo de la ULL, se desarrollar\u00e1 una nueva sesi\u00f3n de esta iniciativa que fomenta el acercamiento entre el alumnado universitario y la realidad empresarial<\/h4>\n<p>Esta primera sesi\u00f3n, titulada&#8221;Power for a Changing World&#8221;, correr\u00e1 a cargo del director de\u00a0Rolls-Royce,\u00a0Nils Reidar Valle\u00a0y\u00a0se impartir\u00e1\u00a0en el Sal\u00f3n de Actos de la Facultad de Econom\u00eda, Empresa y Turismo de la ULL, el 28 de octubre, a partir de las 11:30 horas.<br \/>\nSe trata de un nuevo encuentro de \u201cAulas &amp;\u00a0Empresas\u201d, programa impulsado por la <a href=\"https:\/\/www.fundaciondisa.org\/\" target=\"_blank\" rel=\"noopener noreferrer\">Fundaci\u00f3n DISA<\/a> y la Asociaci\u00f3n para el Progreso de la Direcci\u00f3n (APD), en colaboraci\u00f3n con la Universidad de La Laguna. De esta forma, se pone en contacto a los y las estudiantes de la ULL con l\u00edderes empresariales de referencia en Canarias.<br \/>\nEl acceso es libre y gratuito, hasta completar aforo. Las personas interesadas en asistir, deber\u00e1n inscribirse a trav\u00e9s de <a href=\"https:\/\/sede.fg.ull.es\/es\/curso\/detalle\/a16230073\/aulas-y-empresas-rolls-royce-marine\" target=\"_blank\" rel=\"noopener noreferrer\">este enlace<\/a>.<\/p>\n","protected":false},"excerpt":{"rendered":"<p>El pr\u00f3ximo 28 de octubre, en  la Facultad de Econom\u00eda, Empresa y Turismo de la ULL, se desarrollar\u00e1 una nueva sesi\u00f3n de esta iniciativa que fomenta el acercamiento entre el alumnado universitario y la realidad empresarial<\/p>\n","protected":false},"author":37,"featured_media":29782,"comment_status":"closed","ping_status":"closed","sticky":false,"template":"","format":"standard","meta":{"footnotes":""},"categories":[3],"tags":[166,463,541,1396],"featured_image_thumbnail_url":"https:\/\/fg.ull.es\/hemeroteca\/wp-content\/uploads\/sites\/14\/2016\/10\/unnamed-1-300x122.jpg","_links":{"self":[{"href":"https:\/\/fg.ull.es\/hemeroteca\/wp-json\/wp\/v2\/posts\/29780"}],"collection":[{"href":"https:\/\/fg.ull.es\/hemeroteca\/wp-json\/wp\/v2\/posts"}],"about":[{"href":"https:\/\/fg.ull.es\/hemeroteca\/wp-json\/wp\/v2\/types\/post"}],"author":[{"embeddable":true,"href":"https:\/\/fg.ull.es\/hemeroteca\/wp-json\/wp\/v2\/users\/37"}],"replies":[{"embeddable":true,"href":"https:\/\/fg.ull.es\/hemeroteca\/wp-json\/wp\/v2\/comments?post=29780"}],"version-history":[{"count":0,"href":"https:\/\/fg.ull.es\/hemeroteca\/wp-json\/wp\/v2\/posts\/29780\/revisions"}],"wp:featuredmedia":[{"embeddable":true,"href":"https:\/\/fg.ull.es\/hemeroteca\/wp-json\/wp\/v2\/media\/29782"}],"wp:attachment":[{"href":"https:\/\/fg.ull.es\/hemeroteca\/wp-json\/wp\/v2\/media?parent=29780"}],"wp:term":[{"taxonomy":"category","embeddable":true,"href":"https:\/\/fg.ull.es\/hemeroteca\/wp-json\/wp\/v2\/categories?post=29780"},{"taxonomy":"post_tag","embeddable":true,"href":"https:\/\/fg.ull.es\/hemeroteca\/wp-json\/wp\/v2\/tags?post=29780"}],"curies":[{"name":"wp","href":"https:\/\/api.w.org\/{rel}","templated":true}]}}