{"id":29768,"date":"2016-10-25T15:04:45","date_gmt":"2016-10-25T14:04:45","guid":{"rendered":"http:\/\/www.fg.ull.es\/es\/?p=29768"},"modified":"2016-10-25T15:04:45","modified_gmt":"2016-10-25T14:04:45","slug":"el-iii-foro-de-presentacion-de-proyectos-empresariales-de-emprende-lalaguna-se-celebrara-el-3-de-noviembre","status":"publish","type":"post","link":"https:\/\/fg.ull.es\/hemeroteca\/2016\/10\/25\/el-iii-foro-de-presentacion-de-proyectos-empresariales-de-emprende-lalaguna-se-celebrara-el-3-de-noviembre\/","title":{"rendered":"El III Foro de Presentaci\u00f3n de Proyectos Empresariales de Emprende.LaLaguna se celebrar\u00e1 el 3 de noviembre"},"content":{"rendered":"<h1><strong>El III Foro de Presentaci\u00f3n de Proyectos Empresariales de Emprende.LaLaguna se celebrar\u00e1 el 3 de noviembre<\/strong><\/h1>\n<h4>El\u00a0 Sal\u00f3n de Actos de la Real Sociedad Econ\u00f3mica de Amigos del Pa\u00eds de Tenerife acoger\u00e1, el pr\u00f3ximo martes, este encuentro en el que se expondr\u00e1n los proyectos desarrollados en el marco programa local Emprende.LaLaguna<\/h4>\n<p>La tercera edici\u00f3n de este Foro reunir\u00e1 a las ideas de negocio asesoradas, durante varios meses, por\u00a0el programa Emprende.LaLaguna, una iniciativa para el fomento del emprendimiento a nivel local impulsada por la ULL, a trav\u00e9s de su Fundaci\u00f3n General, y \u00a0por el Ayuntamiento de La Laguna.<br \/>\nDurante el acto, que comenzar\u00e1 a las 9 horas, se dar\u00e1n a conocer los once proyectos participantes utilizando la t\u00e9cnica <em>elevator pitch<\/em>, es decir, exposiciones de siete minutos en las que se destacar\u00e1n los aspectos m\u00e1s importantes de cada negocio.<br \/>\nLa tem\u00e1tica de los proyectos es muy diversa, ya que hay servicios orientados a la mediaci\u00f3n, la alimentaci\u00f3n, la belleza, la serigraf\u00eda, la edici\u00f3n de libros, el dise\u00f1o de interiores, la fotograf\u00eda, la moda, los deportes ecuestres y la psicolog\u00eda.<br \/>\nUn plantel de jueces con amplia experiencia en emprendimiento se encargar\u00e1 de elegir las mejores ideas. A las 12:45 horas, se realizar\u00e1 la entrega de premios, que ser\u00e1\u00a0posible gracias a la colaboraci\u00f3n de: KeyANDCloud; Garo\u00e9 Travis Consulting; PCTT; Fred Olsen; Armas; Binter; CajaSiete; Emprende.ull y Emprende.LaLaguna; Metriz; Digital Xplorer; Socialmakers, Grupo Shine, FYDE CajaCanarias y La Quinta Spa.<br \/>\nLa cita ser\u00e1 el 3 de noviembre, de 9 a 13 horas, en la Real Sociedad Econ\u00f3mica de Amigos del Pa\u00eds de Tenerife. Las personas interesadas en asistir pueden registrarse, de forma gratuita, a trav\u00e9s de\u00a0<a href=\"http:\/\/ow.ly\/UZBA305khxg\" target=\"_blank\" rel=\"noopener noreferrer\">este enlace<\/a>.<\/p>\n","protected":false},"excerpt":{"rendered":"<p>El  Sal\u00f3n de Actos de la Real Sociedad Econ\u00f3mica de Amigos del Pa\u00eds de Tenerife acoger\u00e1, el pr\u00f3ximo martes, este encuentro en el que se expondr\u00e1n los proyectos desarrollados en el marco programa local Emprende.LaLaguna<\/p>\n","protected":false},"author":37,"featured_media":29769,"comment_status":"closed","ping_status":"closed","sticky":false,"template":"","format":"standard","meta":{"footnotes":""},"categories":[3],"tags":[106,522,527,798,1396],"featured_image_thumbnail_url":"https:\/\/fg.ull.es\/hemeroteca\/wp-content\/uploads\/sites\/14\/2016\/10\/banner555x312px-300x169.jpg","_links":{"self":[{"href":"https:\/\/fg.ull.es\/hemeroteca\/wp-json\/wp\/v2\/posts\/29768"}],"collection":[{"href":"https:\/\/fg.ull.es\/hemeroteca\/wp-json\/wp\/v2\/posts"}],"about":[{"href":"https:\/\/fg.ull.es\/hemeroteca\/wp-json\/wp\/v2\/types\/post"}],"author":[{"embeddable":true,"href":"https:\/\/fg.ull.es\/hemeroteca\/wp-json\/wp\/v2\/users\/37"}],"replies":[{"embeddable":true,"href":"https:\/\/fg.ull.es\/hemeroteca\/wp-json\/wp\/v2\/comments?post=29768"}],"version-history":[{"count":0,"href":"https:\/\/fg.ull.es\/hemeroteca\/wp-json\/wp\/v2\/posts\/29768\/revisions"}],"wp:featuredmedia":[{"embeddable":true,"href":"https:\/\/fg.ull.es\/hemeroteca\/wp-json\/wp\/v2\/media\/29769"}],"wp:attachment":[{"href":"https:\/\/fg.ull.es\/hemeroteca\/wp-json\/wp\/v2\/media?parent=29768"}],"wp:term":[{"taxonomy":"category","embeddable":true,"href":"https:\/\/fg.ull.es\/hemeroteca\/wp-json\/wp\/v2\/categories?post=29768"},{"taxonomy":"post_tag","embeddable":true,"href":"https:\/\/fg.ull.es\/hemeroteca\/wp-json\/wp\/v2\/tags?post=29768"}],"curies":[{"name":"wp","href":"https:\/\/api.w.org\/{rel}","templated":true}]}}