{"id":29748,"date":"2016-10-24T19:52:13","date_gmt":"2016-10-24T18:52:13","guid":{"rendered":"http:\/\/www.fg.ull.es\/es\/?p=29748"},"modified":"2016-10-24T19:52:13","modified_gmt":"2016-10-24T18:52:13","slug":"segundos-listados-provisionales-de-la-convocatoria-para-la-seleccion-de-personal-del-proyecto-programas-de-vigilancia-y-control-ambiental-en-los-sistemas-comarcales-de-depuracion-de-adeje-arona-nores","status":"publish","type":"post","link":"https:\/\/fg.ull.es\/hemeroteca\/2016\/10\/24\/segundos-listados-provisionales-de-la-convocatoria-para-la-seleccion-de-personal-del-proyecto-programas-de-vigilancia-y-control-ambiental-en-los-sistemas-comarcales-de-depuracion-de-adeje-arona-nores\/","title":{"rendered":"Segundos listados provisionales de la convocatoria para la selecci\u00f3n de personal del proyecto Programas de vigilancia y control ambiental en los sistemas comarcales de depuraci\u00f3n de Adeje-Arona, noreste de Tenerife y Valle de la Orotava."},"content":{"rendered":"<h1><strong>Segundos listados provisionales de la convocatoria para la selecci\u00f3n de personal del proyecto Programas de vigilancia y control ambiental en los sistemas comarcales de depuraci\u00f3n de Adeje-Arona, noreste de Tenerife y Valle de la Orotava.<\/strong><\/h1>\n<h4>Finalizada la primera fase del proceso selectivo se procede a publicar los segundos listados provisionales de aceptados\/as en la selecci\u00f3n de personal con cargo al proyecto Programas de vigilancia y control ambiental en los sistemas comarcales de depuraci\u00f3n de Adeje-Arona, noreste de Tenerife y Valle de la Orotava.<\/h4>\n<p>A partir del 26 de octubre de 2016, comienza el periodo de eventuales alegaciones que finalizar\u00e1 a las 23.59 horas del 28 de octubre de 2016. Finalizado \u00e9ste y resueltas las alegaciones, se proceder\u00e1 a publicar los segundos listados definitivos con la confecci\u00f3n de la bolsa.<br \/>\nLas alegaciones \u00fanica y exclusivamente se podr\u00e1n presentar telem\u00e1ticamente al correo electr\u00f3nico seleccion@fg.ull.es y utilizando el siguiente documento normalizado: documento de alegaciones.<br \/>\nPuede consultar las bases generales y los perfiles singulares en los siguientes enlaces:<\/p>\n<ul>\n<li><a href=\"http:\/\/www.fg.ull.es\/wp-content\/uploads\/2016\/10\/BASES-CONVOCATORIA-DE-SELECCI%C3%93N-DE-PERSONAL-1.pdf\" target=\"_blank\" rel=\"noopener noreferrer\">Bases generales<\/a><\/li>\n<li><a href=\"http:\/\/www.fg.ull.es\/wp-content\/uploads\/2016\/10\/Perfil-Singular-NI-1.pdf\" target=\"_blank\" rel=\"noopener noreferrer\">Perfil singular TM NI<\/a>\u00a0\/\u00a0<a href=\"http:\/\/www.fg.ull.es\/wp-content\/uploads\/2016\/10\/Anexo-I.-Documento-Solicitud_TM-NI.docx\" target=\"_blank\" rel=\"noopener noreferrer\">Anexo TM NI<\/a><\/li>\n<li><a href=\"http:\/\/www.fg.ull.es\/wp-content\/uploads\/2016\/10\/Perfil-Singular-NII-1.pdf\" target=\"_blank\" rel=\"noopener noreferrer\">Perfil singular TM NII<\/a>\u00a0\/\u00a0<a href=\"http:\/\/www.fg.ull.es\/wp-content\/uploads\/2016\/10\/Anexo-I.-Documento-Solicitud_TM-NII.docx\" target=\"_blank\" rel=\"noopener noreferrer\">Anexo TM NII<\/a><\/li>\n<\/ul>\n<p>Puede ver los listados provisionales aqu\u00ed.<\/p>\n<ul>\n<li><a href=\"http:\/\/www.fg.ull.es\/wp-content\/uploads\/2016\/10\/20161025-2\u00ba-Listado-Provisional_NI.pdf\" target=\"_blank\" rel=\"noopener noreferrer\">T\u00e9cnico\/a Medio NI<\/a><\/li>\n<li><a href=\"http:\/\/www.fg.ull.es\/wp-content\/uploads\/2016\/10\/20161025-2\u00ba-Listado-Provisional_NII.pdf\" target=\"_blank\" rel=\"noopener noreferrer\">T\u00e9cnico\/a Medio NII<\/a><\/li>\n<\/ul>\n","protected":false},"excerpt":{"rendered":"<p>Segundos listados provisionales de la convocatoria para la selecci\u00f3n de personal del proyecto Programas de vigilancia y control ambiental en los sistemas comarcales de depuraci\u00f3n de Adeje-Arona, noreste de Tenerife y Valle de la Orotava. Finalizada la primera fase del proceso selectivo se procede a publicar los segundos listados provisionales de aceptados\/as en la selecci\u00f3n&#8230;<\/p>\n","protected":false},"author":5,"featured_media":0,"comment_status":"closed","ping_status":"closed","sticky":false,"template":"","format":"standard","meta":{"footnotes":""},"categories":[2],"tags":[518,821,862],"featured_image_thumbnail_url":null,"_links":{"self":[{"href":"https:\/\/fg.ull.es\/hemeroteca\/wp-json\/wp\/v2\/posts\/29748"}],"collection":[{"href":"https:\/\/fg.ull.es\/hemeroteca\/wp-json\/wp\/v2\/posts"}],"about":[{"href":"https:\/\/fg.ull.es\/hemeroteca\/wp-json\/wp\/v2\/types\/post"}],"author":[{"embeddable":true,"href":"https:\/\/fg.ull.es\/hemeroteca\/wp-json\/wp\/v2\/users\/5"}],"replies":[{"embeddable":true,"href":"https:\/\/fg.ull.es\/hemeroteca\/wp-json\/wp\/v2\/comments?post=29748"}],"version-history":[{"count":0,"href":"https:\/\/fg.ull.es\/hemeroteca\/wp-json\/wp\/v2\/posts\/29748\/revisions"}],"wp:attachment":[{"href":"https:\/\/fg.ull.es\/hemeroteca\/wp-json\/wp\/v2\/media?parent=29748"}],"wp:term":[{"taxonomy":"category","embeddable":true,"href":"https:\/\/fg.ull.es\/hemeroteca\/wp-json\/wp\/v2\/categories?post=29748"},{"taxonomy":"post_tag","embeddable":true,"href":"https:\/\/fg.ull.es\/hemeroteca\/wp-json\/wp\/v2\/tags?post=29748"}],"curies":[{"name":"wp","href":"https:\/\/api.w.org\/{rel}","templated":true}]}}