{"id":29729,"date":"2016-10-24T09:04:56","date_gmt":"2016-10-24T08:04:56","guid":{"rendered":"http:\/\/www.fg.ull.es\/es\/?p=29729"},"modified":"2016-10-24T09:04:56","modified_gmt":"2016-10-24T08:04:56","slug":"oferta-formativa-con-comienzo-en-la-semana-del-31-de-octubre","status":"publish","type":"post","link":"https:\/\/fg.ull.es\/hemeroteca\/2016\/10\/24\/oferta-formativa-con-comienzo-en-la-semana-del-31-de-octubre\/","title":{"rendered":"Oferta formativa con comienzo en la semana del 31 de octubre"},"content":{"rendered":"<h1>Oferta formativa con comienzo en la semana del 31\u00a0de octubre<\/h1>\n<h4>Presentamos los cursos con comienzo en la semana del 31\u00a0de octubre. La inscripci\u00f3n est\u00e1 ya disponible en nuestra sede electr\u00f3nica.<\/h4>\n<p><span style=\"color: #333333\">Para acceder a m\u00e1s informaci\u00f3n y matr\u00edcula, pueden hacer clic sobre el t\u00edtulo de cada curso en<\/span> <a href=\"http:\/\/www.fg.ull.es\/wp-content\/uploads\/2016\/10\/cartel_semana_31_octubre.pdf\"><span style=\"color: #005689\"><strong><span style=\"text-decoration: underline\">este cartel<\/span><\/strong><\/span><\/a><span style=\"color: #333399\"><strong>.<\/strong><\/span><\/p>\n","protected":false},"excerpt":{"rendered":"<p>Presentamos los cursos con comienzo en la semana del 31 de octubre. La inscripci\u00f3n est\u00e1 ya disponible en nuestra sede electr\u00f3nica.<\/p>\n","protected":false},"author":4,"featured_media":29730,"comment_status":"closed","ping_status":"closed","sticky":false,"template":"","format":"standard","meta":{"footnotes":""},"categories":[5],"tags":[425,672,1353,1424],"featured_image_thumbnail_url":"https:\/\/fg.ull.es\/hemeroteca\/wp-content\/uploads\/sites\/14\/2016\/10\/banner_cursos_semana_31-300x161.jpg","_links":{"self":[{"href":"https:\/\/fg.ull.es\/hemeroteca\/wp-json\/wp\/v2\/posts\/29729"}],"collection":[{"href":"https:\/\/fg.ull.es\/hemeroteca\/wp-json\/wp\/v2\/posts"}],"about":[{"href":"https:\/\/fg.ull.es\/hemeroteca\/wp-json\/wp\/v2\/types\/post"}],"author":[{"embeddable":true,"href":"https:\/\/fg.ull.es\/hemeroteca\/wp-json\/wp\/v2\/users\/4"}],"replies":[{"embeddable":true,"href":"https:\/\/fg.ull.es\/hemeroteca\/wp-json\/wp\/v2\/comments?post=29729"}],"version-history":[{"count":0,"href":"https:\/\/fg.ull.es\/hemeroteca\/wp-json\/wp\/v2\/posts\/29729\/revisions"}],"wp:featuredmedia":[{"embeddable":true,"href":"https:\/\/fg.ull.es\/hemeroteca\/wp-json\/wp\/v2\/media\/29730"}],"wp:attachment":[{"href":"https:\/\/fg.ull.es\/hemeroteca\/wp-json\/wp\/v2\/media?parent=29729"}],"wp:term":[{"taxonomy":"category","embeddable":true,"href":"https:\/\/fg.ull.es\/hemeroteca\/wp-json\/wp\/v2\/categories?post=29729"},{"taxonomy":"post_tag","embeddable":true,"href":"https:\/\/fg.ull.es\/hemeroteca\/wp-json\/wp\/v2\/tags?post=29729"}],"curies":[{"name":"wp","href":"https:\/\/api.w.org\/{rel}","templated":true}]}}