{"id":29717,"date":"2016-10-21T12:01:14","date_gmt":"2016-10-21T11:01:14","guid":{"rendered":"http:\/\/www.fg.ull.es\/es\/?p=29717"},"modified":"2016-10-21T12:01:14","modified_gmt":"2016-10-21T11:01:14","slug":"las-becas-prolingua-se-podran-solicitar-hasta-el-25-de-octubre","status":"publish","type":"post","link":"https:\/\/fg.ull.es\/hemeroteca\/2016\/10\/21\/las-becas-prolingua-se-podran-solicitar-hasta-el-25-de-octubre\/","title":{"rendered":"Las Becas Prolingua se podr\u00e1n solicitar hasta el 25 de octubre"},"content":{"rendered":"<h1><strong>Las Becas Prolingua se podr\u00e1n solicitar hasta el 25 de octubre<\/strong><\/h1>\n<h4>El objetivo de estas ayudas es cubrir parte de la matr\u00edcula de diversas formaciones de ingl\u00e9s, franc\u00e9s, alem\u00e1n, portugu\u00e9s, italiano y Lengua de Signos Espa\u00f1olas del Servicio de Idiomas de la ULL, durante\u00a0el primer cuatrimestre<\/h4>\n<p>En esta nueva edici\u00f3n, impulsada por el Vicerrectorado de Internacionalizaci\u00f3n, se convocan 250 becas, destinadas a sufragar una parte de los cursos del Servicio de Idiomas para el primer cuatrimestre.\u00a0Pueden solicitarlas tanto el alumnado, como el egresado universitario, que se encuentre matriculado en alguna de las formaciones del Servicio de Idiomas incluidas en las bases de la convocatoria. En el caso del egresado ser\u00e1 preciso, adem\u00e1s, haber obtenido la titulaci\u00f3n acad\u00e9mica entre 2014 y 2016.<br \/>\nLas personas interesadas en las Becas Prolingua, deben presentar la solicitud cumplimentada, acompa\u00f1ada de la documentaci\u00f3n requerida, en la secretar\u00eda de Fundaci\u00f3n General de la Universidad de La Laguna, situada en el Aulario Torre Profesor Agust\u00edn Ar\u00e9valo del Campus Central de la ULL. El plazo termina el pr\u00f3ximo martes, 25 de octubre.<br \/>\nLa renovaci\u00f3n de estas becas ha sido posible gracias a la colaboraci\u00f3n del\u00a0Cabildo de Tenerife y la Universidad de La Laguna y a la participaci\u00f3n del\u00a0Vicerrectorado de Internacionalizaci\u00f3n\u00a0y\u00a0el Consejo Social y\u00a0la Fundaci\u00f3n General.<br \/>\n<a href=\"http:\/\/fg.ull.es\/idiomas\/wp-content\/uploads\/sites\/26\/2016\/10\/Convocatoria-Bases-Prolingua-primer-cuatrimestre-2016-2017.pdf\"><strong>Bases de la convocatoria<\/strong><\/a><br \/>\n<a href=\"http:\/\/fg.ull.es\/idiomas\/wp-content\/uploads\/sites\/26\/2016\/10\/boc-a-2016-197-3659.pdf\"><strong>Publicaci\u00f3n BOC<br \/>\n<\/strong><\/a><a href=\"http:\/\/www.fg.ull.es\/wp-content\/uploads\/2016\/10\/Soliciuid_Becas_Prolingua_R-1.pdf\"><strong>Solicitud (11 de octubre de 2016 al 25 de octubre de 2016<\/strong><\/a><\/p>\n","protected":false},"excerpt":{"rendered":"<p>El objetivo de estas ayudas es cubrir parte de la matr\u00edcula de diversas formaciones de ingl\u00e9s, franc\u00e9s, alem\u00e1n, portugu\u00e9s, italiano y Lengua de Signos Espa\u00f1olas del Servicio de Idiomas de la ULL, para el primer cuatrimestre<\/p>\n","protected":false},"author":37,"featured_media":29718,"comment_status":"closed","ping_status":"closed","sticky":false,"template":"","format":"standard","meta":{"footnotes":""},"categories":[5],"tags":[101,236,1287,1396],"featured_image_thumbnail_url":"https:\/\/fg.ull.es\/hemeroteca\/wp-content\/uploads\/sites\/14\/2016\/10\/pantalla_1280x720px-1-300x169.jpg","_links":{"self":[{"href":"https:\/\/fg.ull.es\/hemeroteca\/wp-json\/wp\/v2\/posts\/29717"}],"collection":[{"href":"https:\/\/fg.ull.es\/hemeroteca\/wp-json\/wp\/v2\/posts"}],"about":[{"href":"https:\/\/fg.ull.es\/hemeroteca\/wp-json\/wp\/v2\/types\/post"}],"author":[{"embeddable":true,"href":"https:\/\/fg.ull.es\/hemeroteca\/wp-json\/wp\/v2\/users\/37"}],"replies":[{"embeddable":true,"href":"https:\/\/fg.ull.es\/hemeroteca\/wp-json\/wp\/v2\/comments?post=29717"}],"version-history":[{"count":0,"href":"https:\/\/fg.ull.es\/hemeroteca\/wp-json\/wp\/v2\/posts\/29717\/revisions"}],"wp:featuredmedia":[{"embeddable":true,"href":"https:\/\/fg.ull.es\/hemeroteca\/wp-json\/wp\/v2\/media\/29718"}],"wp:attachment":[{"href":"https:\/\/fg.ull.es\/hemeroteca\/wp-json\/wp\/v2\/media?parent=29717"}],"wp:term":[{"taxonomy":"category","embeddable":true,"href":"https:\/\/fg.ull.es\/hemeroteca\/wp-json\/wp\/v2\/categories?post=29717"},{"taxonomy":"post_tag","embeddable":true,"href":"https:\/\/fg.ull.es\/hemeroteca\/wp-json\/wp\/v2\/tags?post=29717"}],"curies":[{"name":"wp","href":"https:\/\/api.w.org\/{rel}","templated":true}]}}