{"id":29711,"date":"2016-10-21T09:41:07","date_gmt":"2016-10-21T08:41:07","guid":{"rendered":"http:\/\/www.fg.ull.es\/es\/?p=29711"},"modified":"2016-10-21T09:41:07","modified_gmt":"2016-10-21T08:41:07","slug":"el-programa-gestion-de-la-innovacion-imparte-formacion-gratuita-a-90-profesionales-de-la-gomera-el-hierro-y-la-palma","status":"publish","type":"post","link":"https:\/\/fg.ull.es\/hemeroteca\/2016\/10\/21\/el-programa-gestion-de-la-innovacion-imparte-formacion-gratuita-a-90-profesionales-de-la-gomera-el-hierro-y-la-palma\/","title":{"rendered":"El programa \u201cGesti\u00f3n de la Innovaci\u00f3n\u201d imparte formaci\u00f3n gratuita a 90 profesionales de La Gomera, EL Hierro y La Palma"},"content":{"rendered":"<h1>El programa \u201cGesti\u00f3n de la Innovaci\u00f3n\u201d imparte formaci\u00f3n gratuita a 90 profesionales de La Gomera, EL Hierro y La Palma<\/h1>\n<h4>Participar\u00e1n 30 personas de cada isla, con titulaci\u00f3n universitaria o de formaci\u00f3n profesional, empresarios, emprendedores e investigadores que podr\u00e1n recibir formaci\u00f3n gratuita especializada.\u00a0Por primera vez replica en las islas no capitalinas el <em>Programa de Gesti\u00f3n de la Innovaci\u00f3n<\/em><\/h4>\n<p>Un total 90 profesionales y titulados de las islas de La Gomera, El Hierro y La Palma acceden al <a href=\"http:\/\/fg.ull.es\/gdi\/\"><em>Programa de Formaci\u00f3n de Gesti\u00f3n de la Innovaci\u00f3n<\/em><\/a> que impulsa, en la provincia de Santa Cruz de Tenerife, la Universidad de La Laguna, a trav\u00e9s de su Fundaci\u00f3n General. Con el fin de favorecer la I+D+i en el tejido empresarial de toda la provincia, el programa, que se estructura en tres niveles, Promoci\u00f3n, Gesti\u00f3n y Consultor\u00eda de la Innovaci\u00f3n, impartir\u00e1 en su actual edici\u00f3n los niveles de Promoci\u00f3n y Gesti\u00f3n de la Innovaci\u00f3n en las islas no capitalinas.<br \/>\nA trav\u00e9s de este proyecto, se pretende contribuir a la capacitaci\u00f3n de profesionales en materias que ayuden a mejorar la competitividad y la productividad de las empresas locales. El <em>Programa de Formaci\u00f3n de Gesti\u00f3n de la Innovaci\u00f3n<\/em> se lleva a cabo en colaboraci\u00f3n con la Fundaci\u00f3n Universitaria de Las Palmas y gracias a la financiaci\u00f3n de la Agencia Canaria de Investigaci\u00f3n, Innovaci\u00f3n y Sociedad de la Informaci\u00f3n del Gobierno de Canarias (ACIISI).<br \/>\nEl programa permitir\u00e1 a 30 estudiantes de cada isla, personas con titulaci\u00f3n universitaria y de formaci\u00f3n profesional, empresarios, emprendedores e investigadores inscribirse, a partir del pr\u00f3ximo 24 de octubre y desde la web del programa (<a href=\"http:\/\/www.fg.ull.es\/gdi\">www.fg.ull.es\/gdi<\/a>), para recibir formaci\u00f3n gratuita especializada.<br \/>\nLos cursos se impartir\u00e1n en modalidad presencial durante 3 d\u00edas consecutivos. Una vez concluida la formaci\u00f3n en estos niveles, los participantes recibir\u00e1n teleformaci\u00f3n a trav\u00e9s de un campus virtual durante las semanas posteriores.<br \/>\nEl programa aborda contenidos de especial inter\u00e9s para las organizaciones, fundamentalmente para las peque\u00f1as y medianas empresas que, a menudo, tienen m\u00e1s dificultades para acceder a formaci\u00f3n especializada, en herramientas y procesos que pueden ayudarlas a mejorar su competitividad.<br \/>\nAl mismo tiempo, facilita la incorporaci\u00f3n de nuevo talento en pr\u00e1cticas a las empresas inscritas y sirve como puente de acceso al mundo laboral al alumnado.<br \/>\n&nbsp;<br \/>\n<strong>Una experiencia de \u00e9xito en otras islas<\/strong><br \/>\nLa primera parte del Programa de Formaci\u00f3n de Gesti\u00f3n de la Innovaci\u00f3n se ha desarrollado con \u00e9xito este mes en Tenerife y Gran Canaria, con 115 participantes. Los inscritos en el proyecto son en su mayor\u00eda (67%) personas en situaci\u00f3n de desempleo y, de ellos, en un 70% de los casos, mujeres. Aunque tambi\u00e9n hay un porcentaje de personas ocupadas (33%) que buscan mejorar o especializarse en un \u00e1mbito con gran proyecci\u00f3n de desarrollo.<br \/>\nPor su parte, 63 empresas y centros de investigaci\u00f3n del Archipi\u00e9lago se han inscrito en el programa para acoger a un estudiante en pr\u00e1cticas en la presente edici\u00f3n <em>2016-2017<\/em>. Ser\u00e1n 35 alumnos, cinco m\u00e1s que en la pasada convocatoria, los que, seleccionados al final del proyecto, disfruten de una beca remunerada para realizar pr\u00e1cticas en alguna de estas organizaciones.<br \/>\nDesde su lanzamiento en 2008, el programa ha permitido capacitar a m\u00e1s de 12.000 profesionales de las islas en materia de gesti\u00f3n de I+D+i.\u00a0 El proyecto est\u00e1 cofinanciado en un 85% por el Fondo Social Europeo, a trav\u00e9s del Programa Operativo de Canarias 2014-2020 y tiene como objetivo, a su t\u00e9rmino, en octubre de 2017, haber completado la formaci\u00f3n de 1.500 personas con el perfil de Promoci\u00f3n de la Innovaci\u00f3n (nivel 1 del programa), 780 personas con las competencias de Gesti\u00f3n de la Innovaci\u00f3n (nivel 2) y 320 personas con habilidades para la Consultor\u00eda de Innovaci\u00f3n (nivel 3).<br \/>\nAdem\u00e1s, una vez concluido, se habr\u00e1 acreditado alrededor de 120 docentes para impartir los m\u00f3dulos de niveles 1 y 2 del Programa de Formaci\u00f3n de Gesti\u00f3n de la Innovaci\u00f3n.<br \/>\n&nbsp;<\/p>\n","protected":false},"excerpt":{"rendered":"<p>Participar\u00e1n 30 personas de cada isla, con titulaci\u00f3n universitaria o de formaci\u00f3n profesional, empresarios, emprendedores e investigadores que podr\u00e1n recibir formaci\u00f3n gratuita especializada<\/p>\n","protected":false},"author":37,"featured_media":29713,"comment_status":"closed","ping_status":"closed","sticky":false,"template":"","format":"standard","meta":{"footnotes":""},"categories":[8],"tags":[703,716,821,869,1396],"featured_image_thumbnail_url":"https:\/\/fg.ull.es\/hemeroteca\/wp-content\/uploads\/sites\/14\/2016\/10\/banner1920x776px_1-1-300x122.jpg","_links":{"self":[{"href":"https:\/\/fg.ull.es\/hemeroteca\/wp-json\/wp\/v2\/posts\/29711"}],"collection":[{"href":"https:\/\/fg.ull.es\/hemeroteca\/wp-json\/wp\/v2\/posts"}],"about":[{"href":"https:\/\/fg.ull.es\/hemeroteca\/wp-json\/wp\/v2\/types\/post"}],"author":[{"embeddable":true,"href":"https:\/\/fg.ull.es\/hemeroteca\/wp-json\/wp\/v2\/users\/37"}],"replies":[{"embeddable":true,"href":"https:\/\/fg.ull.es\/hemeroteca\/wp-json\/wp\/v2\/comments?post=29711"}],"version-history":[{"count":0,"href":"https:\/\/fg.ull.es\/hemeroteca\/wp-json\/wp\/v2\/posts\/29711\/revisions"}],"wp:featuredmedia":[{"embeddable":true,"href":"https:\/\/fg.ull.es\/hemeroteca\/wp-json\/wp\/v2\/media\/29713"}],"wp:attachment":[{"href":"https:\/\/fg.ull.es\/hemeroteca\/wp-json\/wp\/v2\/media?parent=29711"}],"wp:term":[{"taxonomy":"category","embeddable":true,"href":"https:\/\/fg.ull.es\/hemeroteca\/wp-json\/wp\/v2\/categories?post=29711"},{"taxonomy":"post_tag","embeddable":true,"href":"https:\/\/fg.ull.es\/hemeroteca\/wp-json\/wp\/v2\/tags?post=29711"}],"curies":[{"name":"wp","href":"https:\/\/api.w.org\/{rel}","templated":true}]}}