{"id":29675,"date":"2016-10-20T13:56:07","date_gmt":"2016-10-20T12:56:07","guid":{"rendered":"http:\/\/www.fg.ull.es\/es\/?p=29675"},"modified":"2016-10-20T13:56:07","modified_gmt":"2016-10-20T12:56:07","slug":"29675","status":"publish","type":"post","link":"https:\/\/fg.ull.es\/hemeroteca\/2016\/10\/20\/29675\/","title":{"rendered":"Cientos de personas asistieron a la jornada \u201cCaptaci\u00f3n y desarrollo del talento y las competencias del nuevo profesional\u201d"},"content":{"rendered":"<h1><strong>Cientos de personas asistieron a la jornada <\/strong><strong>\u201cCaptaci\u00f3n y desarrollo del talento y las competencias del nuevo profesional\u201d<\/strong><\/h1>\n<h4><strong>La conferencia que inaugur\u00f3 la nueva edici\u00f3n del \u2018Foro Nueva Econom\u00eda\u2019, el pasado 17 de octubre, registr\u00f3 altos \u00edndices de participaci\u00f3n<\/strong><\/h4>\n<p>El Sal\u00f3n de Actos de la Facultad de Econom\u00eda, Empresa y Turismo de la Universidad de La Laguna acogi\u00f3, el 17 de octubre, la sesi\u00f3n \u201cCaptaci\u00f3n y desarrollo del talento y las competencias del nuevo profesional\u201d.<br \/>\nEsta jornada tem\u00e1tica sobre talento y competencias profesionales en el empleo, cont\u00f3 con la participaci\u00f3n del promotor de\u00a0<a href=\"http:\/\/yoriento.com\/\">Yoriento<\/a>,\u00a0<a href=\"https:\/\/www.linkedin.com\/in\/alfonsoalcantara\">Alfonso Alc\u00e1ntara\u00a0<\/a>y\u00a0de la especialista en procesos de selecci\u00f3n de personal y CEO en Global Human Capital Group,\u00a0<a href=\"https:\/\/www.linkedin.com\/in\/amparodiazllairo\">Amparo D\u00edaz<\/a>.<br \/>\nFue la primera de las acciones previstas para esta cuarta edici\u00f3n del programa \u201cNueva Econom\u00eda, Nueva Empresa\u201d, iniciativa organizada por la Fundaci\u00f3n CajaCanarias y la Obra Social la Caixa, con la direcci\u00f3n t\u00e9cnica de la Fundaci\u00f3n \u00a0<a href=\"http:\/\/www.fyde-cajacanarias.es\/\">Fyde CajaCanarias<\/a>\u00a0y la Asociaci\u00f3n Espa\u00f1ola de Directivos (<a href=\"http:\/\/asociaciondedirectivos.org\/\">AED<\/a>).<br \/>\nConsigui\u00f3 reunir a un numeroso p\u00fablico, interesado en los contenidos que se trataron durante el encuentro: nuevos procesos de captaci\u00f3n y desarrollo del talento de las organizaciones; perfiles de competencias m\u00e1s demandados y cualidades profesionales exigidas en el nuevo modelo econ\u00f3mico.<br \/>\n\n\t\t<style type=\"text\/css\">\n\t\t\t#gallery-1 {\n\t\t\t\tmargin: auto;\n\t\t\t}\n\t\t\t#gallery-1 .gallery-item {\n\t\t\t\tfloat: left;\n\t\t\t\tmargin-top: 10px;\n\t\t\t\ttext-align: center;\n\t\t\t\twidth: 25%;\n\t\t\t}\n\t\t\t#gallery-1 img {\n\t\t\t\tborder: 2px solid #cfcfcf;\n\t\t\t}\n\t\t\t#gallery-1 .gallery-caption {\n\t\t\t\tmargin-left: 0;\n\t\t\t}\n\t\t\t\/* see gallery_shortcode() in wp-includes\/media.php *\/\n\t\t<\/style>\n\t\t<div data-carousel-extra='{\"blog_id\":14,\"permalink\":\"https:\\\/\\\/fg.ull.es\\\/hemeroteca\\\/2016\\\/10\\\/20\\\/29675\\\/\"}' id='gallery-1' class='gallery galleryid-29675 gallery-columns-4 gallery-size-thumbnail'><dl class='gallery-item'>\n\t\t\t<dt class='gallery-icon landscape'>\n\t\t\t\t<a href='https:\/\/fg.ull.es\/hemeroteca\/wp-content\/uploads\/sites\/14\/2016\/10\/161017-aSr-ForoE-CaptacionDesarrolloTalento014.jpg'><img width=\"150\" height=\"150\" src=\"https:\/\/fg.ull.es\/hemeroteca\/wp-content\/uploads\/sites\/14\/2016\/10\/161017-aSr-ForoE-CaptacionDesarrolloTalento014-150x150.jpg\" class=\"attachment-thumbnail size-thumbnail\" alt=\"\" decoding=\"async\" aria-describedby=\"gallery-1-29680\" loading=\"lazy\" \/><\/a>\n\t\t\t<\/dt>\n\t\t\t\t<dd class='wp-caption-text gallery-caption' id='gallery-1-29680'>\n\t\t\t\tForoE: &#8220;Captaci\u00f3n y desarrollo del talento y las competencias del nuevo profesional&#8221;. Alfonso Alc\u00e1ntara y Amparo D\u00edaz-Llairo. Aula Magna de la Universidad de La Laguna \u00a9 Aar\u00f3n S. Ramos\/FYDE-CajaCanarias\n\t\t\t\t<\/dd><\/dl><dl class='gallery-item'>\n\t\t\t<dt class='gallery-icon landscape'>\n\t\t\t\t<a href='https:\/\/fg.ull.es\/hemeroteca\/wp-content\/uploads\/sites\/14\/2016\/10\/161017-aSr-ForoE-CaptacionDesarrolloTalento010.jpg'><img width=\"150\" height=\"150\" src=\"https:\/\/fg.ull.es\/hemeroteca\/wp-content\/uploads\/sites\/14\/2016\/10\/161017-aSr-ForoE-CaptacionDesarrolloTalento010-150x150.jpg\" class=\"attachment-thumbnail size-thumbnail\" alt=\"\" decoding=\"async\" aria-describedby=\"gallery-1-29681\" loading=\"lazy\" \/><\/a>\n\t\t\t<\/dt>\n\t\t\t\t<dd class='wp-caption-text gallery-caption' id='gallery-1-29681'>\n\t\t\t\tForoE: &#8220;Captaci\u00f3n y desarrollo del talento y las competencias del nuevo profesional&#8221;. Alfonso Alc\u00e1ntara y Amparo D\u00edaz-Llairo. Aula Magna de la Universidad de La Laguna \u00a9 Aar\u00f3n S. Ramos\/FYDE-CajaCanarias\n\t\t\t\t<\/dd><\/dl><dl class='gallery-item'>\n\t\t\t<dt class='gallery-icon landscape'>\n\t\t\t\t<a href='https:\/\/fg.ull.es\/hemeroteca\/wp-content\/uploads\/sites\/14\/2016\/10\/161017-aSr-ForoE-CaptacionDesarrolloTalento005.jpg'><img width=\"150\" height=\"150\" src=\"https:\/\/fg.ull.es\/hemeroteca\/wp-content\/uploads\/sites\/14\/2016\/10\/161017-aSr-ForoE-CaptacionDesarrolloTalento005-150x150.jpg\" class=\"attachment-thumbnail size-thumbnail\" alt=\"\" decoding=\"async\" aria-describedby=\"gallery-1-29684\" loading=\"lazy\" \/><\/a>\n\t\t\t<\/dt>\n\t\t\t\t<dd class='wp-caption-text gallery-caption' id='gallery-1-29684'>\n\t\t\t\tForoE: &#8220;Captaci\u00f3n y desarrollo del talento y las competencias del nuevo profesional&#8221;. Alfonso Alc\u00e1ntara y Amparo D\u00edaz-Llairo. Aula Magna de la Universidad de La Laguna \u00a9 Aar\u00f3n S. Ramos\/FYDE-CajaCanarias\n\t\t\t\t<\/dd><\/dl><dl class='gallery-item'>\n\t\t\t<dt class='gallery-icon landscape'>\n\t\t\t\t<a href='https:\/\/fg.ull.es\/hemeroteca\/wp-content\/uploads\/sites\/14\/2016\/10\/161017-aSr-ForoE-CaptacionDesarrolloTalento048.jpg'><img width=\"150\" height=\"150\" src=\"https:\/\/fg.ull.es\/hemeroteca\/wp-content\/uploads\/sites\/14\/2016\/10\/161017-aSr-ForoE-CaptacionDesarrolloTalento048-150x150.jpg\" class=\"attachment-thumbnail size-thumbnail\" alt=\"\" decoding=\"async\" aria-describedby=\"gallery-1-29678\" loading=\"lazy\" \/><\/a>\n\t\t\t<\/dt>\n\t\t\t\t<dd class='wp-caption-text gallery-caption' id='gallery-1-29678'>\n\t\t\t\tForoE: &#8220;Captaci\u00f3n y desarrollo del talento y las competencias del nuevo profesional&#8221;. Alfonso Alc\u00e1ntara y Amparo D\u00edaz-Llairo. Aula Magna de la Universidad de La Laguna \u00a9 Aar\u00f3n S. Ramos\/FYDE-CajaCanarias\n\t\t\t\t<\/dd><\/dl><br style=\"clear: both\" \/>\n\t\t<\/div>\n","protected":false},"excerpt":{"rendered":"<p>La conferencia que inaugur\u00f3 la nueva edici\u00f3n del \u2018Foro Nueva Econom\u00eda\u2019, el pasado 17 de octubre, registr\u00f3 altos \u00edndices de participaci\u00f3n<\/p>\n","protected":false},"author":37,"featured_media":29677,"comment_status":"closed","ping_status":"closed","sticky":false,"template":"","format":"standard","meta":{"footnotes":""},"categories":[3],"tags":[],"featured_image_thumbnail_url":"https:\/\/fg.ull.es\/hemeroteca\/wp-content\/uploads\/sites\/14\/2016\/10\/161017-aSr-ForoE-CaptacionDesarrolloTalento020-1-300x200.jpg","_links":{"self":[{"href":"https:\/\/fg.ull.es\/hemeroteca\/wp-json\/wp\/v2\/posts\/29675"}],"collection":[{"href":"https:\/\/fg.ull.es\/hemeroteca\/wp-json\/wp\/v2\/posts"}],"about":[{"href":"https:\/\/fg.ull.es\/hemeroteca\/wp-json\/wp\/v2\/types\/post"}],"author":[{"embeddable":true,"href":"https:\/\/fg.ull.es\/hemeroteca\/wp-json\/wp\/v2\/users\/37"}],"replies":[{"embeddable":true,"href":"https:\/\/fg.ull.es\/hemeroteca\/wp-json\/wp\/v2\/comments?post=29675"}],"version-history":[{"count":0,"href":"https:\/\/fg.ull.es\/hemeroteca\/wp-json\/wp\/v2\/posts\/29675\/revisions"}],"wp:featuredmedia":[{"embeddable":true,"href":"https:\/\/fg.ull.es\/hemeroteca\/wp-json\/wp\/v2\/media\/29677"}],"wp:attachment":[{"href":"https:\/\/fg.ull.es\/hemeroteca\/wp-json\/wp\/v2\/media?parent=29675"}],"wp:term":[{"taxonomy":"category","embeddable":true,"href":"https:\/\/fg.ull.es\/hemeroteca\/wp-json\/wp\/v2\/categories?post=29675"},{"taxonomy":"post_tag","embeddable":true,"href":"https:\/\/fg.ull.es\/hemeroteca\/wp-json\/wp\/v2\/tags?post=29675"}],"curies":[{"name":"wp","href":"https:\/\/api.w.org\/{rel}","templated":true}]}}