{"id":29665,"date":"2016-10-20T12:39:35","date_gmt":"2016-10-20T11:39:35","guid":{"rendered":"http:\/\/www.fg.ull.es\/es\/?p=29665"},"modified":"2016-10-20T12:39:35","modified_gmt":"2016-10-20T11:39:35","slug":"jornada-informativa-sobre-los-programas-de-financiacion-de-la-investigacion-de-la-union-europea","status":"publish","type":"post","link":"https:\/\/fg.ull.es\/hemeroteca\/2016\/10\/20\/jornada-informativa-sobre-los-programas-de-financiacion-de-la-investigacion-de-la-union-europea\/","title":{"rendered":"Jornada informativa sobre los programas de financiaci\u00f3n de la investigaci\u00f3n de la Uni\u00f3n Europea"},"content":{"rendered":"<h1><strong>Jornada informativa sobre los programas de financiaci\u00f3n de la investigaci\u00f3n de la Uni\u00f3n Europea<\/strong><\/h1>\n<h4>El encuentro se celebrar\u00e1 el pr\u00f3ximo 3\u00a0de noviembre, \u00a0en la Sala Polivalente del Edificio Central de la Universidad de La Laguna, en horario de ma\u00f1ana<\/h4>\n<p>La jornada, titulada \u201cEl programa de investigaci\u00f3n FET (Future Emerging Technologies) y Marie Curie en H2020 de la Uni\u00f3n Europea\u201d,\u00a0la iniciar\u00e1 a las 10:30 horas el vicerrector de Investigaci\u00f3n, Francisco Almeida, con una bienvenida e introducci\u00f3n al contenido que se va a tratar.<br \/>\nDesde las 10:45 y hasta las 11:30 horas, la directora de programas de investigaci\u00f3n y coordinadora de la plataforma de innovaci\u00f3n de <a href=\"http:\/\/www.eshorizonte2020.es\/ciencia-excelente\/tecnologias-futuras-y-emergentes-fet\">FET,<\/a> <a href=\"https:\/\/www.linkedin.com\/in\/raquel-fernandez-horcajada-79350439\">Raquel Fernandez Horcajada<\/a>, intervendr\u00e1 en la conferencia \u201cPrograma de Investigaci\u00f3n FET: Oportunidades para la ULL y Canarias\u201d.\u00a0 Asimismo, de 11:45 a 12:30, volver\u00e1 a participar con \u201cLas acciones Marie Curie: oportunidades para la ULL y Canarias\u201d.<br \/>\nA partir de las 12:30, ser\u00e1 el turno de los casos pr\u00e1cticos en Acciones Marie Curie. Abrir\u00e1 este bloque la gestora de proyectos de OTRI-IAC, Alejandra Mart\u00edn G\u00e1lvez, con \u201cAcciones MSC desde la perspectiva del IAC: experiencias y consejos en la preparaci\u00f3n de propuestas y gesti\u00f3n de los proyectos\u201d y continuar\u00e1 el profesor de Antropolog\u00eda Social y subdirector del Instituto Universitario de Ciencias Pol\u00edticas y Sociales, Jos\u00e9 J. Pascual, con \u201cEl proceso de solicitud de una ITN: un caso pr\u00e1ctico\u201d.Finalmente, el evento se cerrar\u00e1 con un turno de preguntas y un espacio dedicado a las reflexiones finales.<br \/>\nLa jornada tendr\u00e1 lugar en la Sala Polivalente del Edificio Central de la ULL, situada en la primera planta, el 3\u00a0de noviembre de 10:30 a 13:45 horas. Estar\u00e1 dirigida tanto al PDI de la Universidad de la Laguna, como al p\u00fablico general que tenga inter\u00e9s en asistir (estudiantes de doctorado, personal t\u00e9cnico de otras instituciones canarias, personal cient\u00edfico en general\u2026). El acceso ser\u00e1 de car\u00e1cter gratuito y las personas asistentes recibir\u00e1n un certificado de participaci\u00f3n.<\/p>\n","protected":false},"excerpt":{"rendered":"<p>El encuentro se celebrar\u00e1 el pr\u00f3ximo 3 de noviembre,  en la Sala Polivalente del Edificio Central de la Universidad de La Laguna, en horario de ma\u00f1ana<\/p>\n","protected":false},"author":37,"featured_media":29666,"comment_status":"closed","ping_status":"closed","sticky":false,"template":"","format":"standard","meta":{"footnotes":""},"categories":[8],"tags":[119,648,891,1173,1419],"featured_image_thumbnail_url":"https:\/\/fg.ull.es\/hemeroteca\/wp-content\/uploads\/sites\/14\/2016\/10\/ddd.jpg","_links":{"self":[{"href":"https:\/\/fg.ull.es\/hemeroteca\/wp-json\/wp\/v2\/posts\/29665"}],"collection":[{"href":"https:\/\/fg.ull.es\/hemeroteca\/wp-json\/wp\/v2\/posts"}],"about":[{"href":"https:\/\/fg.ull.es\/hemeroteca\/wp-json\/wp\/v2\/types\/post"}],"author":[{"embeddable":true,"href":"https:\/\/fg.ull.es\/hemeroteca\/wp-json\/wp\/v2\/users\/37"}],"replies":[{"embeddable":true,"href":"https:\/\/fg.ull.es\/hemeroteca\/wp-json\/wp\/v2\/comments?post=29665"}],"version-history":[{"count":0,"href":"https:\/\/fg.ull.es\/hemeroteca\/wp-json\/wp\/v2\/posts\/29665\/revisions"}],"wp:featuredmedia":[{"embeddable":true,"href":"https:\/\/fg.ull.es\/hemeroteca\/wp-json\/wp\/v2\/media\/29666"}],"wp:attachment":[{"href":"https:\/\/fg.ull.es\/hemeroteca\/wp-json\/wp\/v2\/media?parent=29665"}],"wp:term":[{"taxonomy":"category","embeddable":true,"href":"https:\/\/fg.ull.es\/hemeroteca\/wp-json\/wp\/v2\/categories?post=29665"},{"taxonomy":"post_tag","embeddable":true,"href":"https:\/\/fg.ull.es\/hemeroteca\/wp-json\/wp\/v2\/tags?post=29665"}],"curies":[{"name":"wp","href":"https:\/\/api.w.org\/{rel}","templated":true}]}}