{"id":29663,"date":"2016-10-20T12:41:41","date_gmt":"2016-10-20T11:41:41","guid":{"rendered":"http:\/\/www.fg.ull.es\/es\/?p=29663"},"modified":"2016-10-20T12:41:41","modified_gmt":"2016-10-20T11:41:41","slug":"la-ull-cede-sus-instalaciones-a-mas-de-medio-centenar-de-ong","status":"publish","type":"post","link":"https:\/\/fg.ull.es\/hemeroteca\/2016\/10\/20\/la-ull-cede-sus-instalaciones-a-mas-de-medio-centenar-de-ong\/","title":{"rendered":"La ULL cede sus instalaciones a m\u00e1s de medio centenar de ONG"},"content":{"rendered":"<h1 class=\"entry-title\">La ULL cede sus instalaciones a m\u00e1s de medio centenar de ONG<\/h1>\n<h3><strong>La I Feria de Solidaridad y Voluntariado se celebra hoy, en el Campus de Guajara de la Universidad de La Laguna. El evento es abierto para toda\u00a0la sociedad<\/strong><\/h3>\n<p>M\u00e1s de 50 asociaciones sin \u00e1nimo de lucro participan hoy, 20 de octubre,\u00a0en la I Feria de Solidaridad y Voluntariado de la Universidad de La Laguna. La muestra se abri\u00f3\u00a0a las 10 de la ma\u00f1ana, en la Plazoleta del Campus de Guajara (exterior de las Facultades de Psicolog\u00eda, Geograf\u00eda e Historia), donde permanecer\u00e1 hasta las 14 horas. Abierta a la comunidad universitaria y a la sociedad en general, las entidades dan\u00a0a conocer su trabajo y asesoran sobre c\u00f3mo colaborar con sus objetivos.<br \/>\nOrganizada por el programa ULL Solidaria -del Secretariado de Responsabilidad Social Universitaria que depende del Vicerrectorado de Relaciones con la Sociedad- tiene como fin ofrecer informaci\u00f3n sobre la labor social que desarrollan las entidades sin \u00e1nimo de lucro y \u00a0poner voz al numeroso alumnado universitario concienciado, que ejerce labores de voluntariado en dichas entidades. Al mismo tiempo, se trata de difundir el trabajo de ULL Solidaria a trav\u00e9s de la Oficina de Voluntariado como el servicio al que el estudiantado debe acudir para iniciar su faceta solidaria.<br \/>\nLa feria, adem\u00e1s de con el medio centenar de stands, cuenta\u00a0con numerosas actividades como el concurso \u201cEl mundo de las competencias\u201d; la din\u00e1mica \u201cLa Feriana\u201d; la elaboraci\u00f3n de un mural y un concierto.<br \/>\nLa iniciativa forma parte de la I Semana de la Solidaridad y el Voluntariado que comenz\u00f3 el pasado s\u00e1bado, 15 de octubre, hasta el d\u00eda 27 con numerosas actividades, en cuya organizaci\u00f3n ha participado el Programa Tenerife Solidario y la Oficina del Voluntariado del Cabildo de Tenerife. En su programa se encuentran las las V Jornadas Bibliosolidarias de Canarias (21-29 de octubre) y el I Encuentro de ULL Solidaria (28 de octubre).<br \/>\n<strong>Invisibles.<\/strong><br \/>\nEntre las asociaciones que intervienen se encuentran entidades creadas en la propia Universidad, por el alumnado, docentes o el personal laboral y funcionariado, cuyo trabajo tambi\u00e9n se da a conocer en este encuentro. As\u00ed, adem\u00e1s de proporcionar informaci\u00f3n sobre sus actividades y fines y asesorar sobre c\u00f3mo colaborar, realizan\u00a0din\u00e1micas e iniciativas diversas, como es el caso de la asociaci\u00f3n \u201cInvisibles\u201d. Esta entidad, integrada por\u00a0estudiantes de la Instituci\u00f3n Acad\u00e9mida,\u00a0aprovecha para organizar su II Intercambio Solidario, consistente en la entrega de un kilo de alimento a cambio de un libro de los 500 ejemplares que la entidad ha logrado recoger.<\/p>\n","protected":false},"excerpt":{"rendered":"<p>La I Feria de Solidaridad y Voluntariado se celebra hoy, en el Campus de Guajara. Es un evento abierto para toda la sociedad<\/p>\n","protected":false},"author":37,"featured_media":29669,"comment_status":"closed","ping_status":"closed","sticky":false,"template":"","format":"standard","meta":{"footnotes":""},"categories":[6],"tags":[768,1397,1426],"featured_image_thumbnail_url":"https:\/\/fg.ull.es\/hemeroteca\/wp-content\/uploads\/sites\/14\/2016\/10\/I-Feria-Solidaridad-y-Voluntariado-baner-1024x312-1-1-300x91.png","_links":{"self":[{"href":"https:\/\/fg.ull.es\/hemeroteca\/wp-json\/wp\/v2\/posts\/29663"}],"collection":[{"href":"https:\/\/fg.ull.es\/hemeroteca\/wp-json\/wp\/v2\/posts"}],"about":[{"href":"https:\/\/fg.ull.es\/hemeroteca\/wp-json\/wp\/v2\/types\/post"}],"author":[{"embeddable":true,"href":"https:\/\/fg.ull.es\/hemeroteca\/wp-json\/wp\/v2\/users\/37"}],"replies":[{"embeddable":true,"href":"https:\/\/fg.ull.es\/hemeroteca\/wp-json\/wp\/v2\/comments?post=29663"}],"version-history":[{"count":0,"href":"https:\/\/fg.ull.es\/hemeroteca\/wp-json\/wp\/v2\/posts\/29663\/revisions"}],"wp:featuredmedia":[{"embeddable":true,"href":"https:\/\/fg.ull.es\/hemeroteca\/wp-json\/wp\/v2\/media\/29669"}],"wp:attachment":[{"href":"https:\/\/fg.ull.es\/hemeroteca\/wp-json\/wp\/v2\/media?parent=29663"}],"wp:term":[{"taxonomy":"category","embeddable":true,"href":"https:\/\/fg.ull.es\/hemeroteca\/wp-json\/wp\/v2\/categories?post=29663"},{"taxonomy":"post_tag","embeddable":true,"href":"https:\/\/fg.ull.es\/hemeroteca\/wp-json\/wp\/v2\/tags?post=29663"}],"curies":[{"name":"wp","href":"https:\/\/api.w.org\/{rel}","templated":true}]}}