{"id":29634,"date":"2016-10-20T09:24:35","date_gmt":"2016-10-20T08:24:35","guid":{"rendered":"http:\/\/www.fg.ull.es\/es\/?p=29634"},"modified":"2016-10-20T09:24:35","modified_gmt":"2016-10-20T08:24:35","slug":"el-iii-encuentro-por-el-empleo-en-el-sector-turistico-mostrara-oportunidades-laborales-para-universitarios-de-varias-disciplinas","status":"publish","type":"post","link":"https:\/\/fg.ull.es\/hemeroteca\/2016\/10\/20\/el-iii-encuentro-por-el-empleo-en-el-sector-turistico-mostrara-oportunidades-laborales-para-universitarios-de-varias-disciplinas\/","title":{"rendered":"El III Encuentro por el Empleo en el Sector Tur\u00edstico mostrar\u00e1 oportunidades laborales para universitarios de varias disciplinas"},"content":{"rendered":"<h1>El III Encuentro por el Empleo en el Sector Tur\u00edstico mostrar\u00e1 oportunidades laborales para universitarios de varias disciplinas<\/h1>\n<h4>Tendr\u00e1 lugar este viernes, 21 de octubre, en el Aula Magna de Ciencias Econ\u00f3micas y Empresariales de la ULL.\u00a0Se analizar\u00e1n las caracter\u00edsticas positivas que influyen en la contrataci\u00f3n de nuevo personal y la necesidad de incorporar a distintos perfiles para impulsar la innovaci\u00f3n tur\u00edstica.<\/h4>\n<p>La Universidad de La Laguna (ULL) acoger\u00e1 el pr\u00f3ximo viernes, a partir de las<strong> 10 horas<\/strong>, el <strong>III Encuentro por el Empleo en el Sector Tur\u00edstico<\/strong>, un formato que se ha desarrollado con \u00e9xito en las dos anteriores ediciones, celebradas en FIT Canarias, dirigidas entonces a alumnos y desempleados del sector de la hosteler\u00eda. Est\u00e1 impulsado por la Universidad de la Laguna y su Fundaci\u00f3n General, la <a href=\"http:\/\/www.ashotel.es\/\">Asociaci\u00f3n Hotelera y Extrahotelera de Tenerife, La Palma, La Gomera y El Hierro, Ashotel<\/a>, la<a href=\"http:\/\/www.fitcanarias.com\/\"> Factor\u00eda de Innovaci\u00f3n Tur\u00edstica de Canarias (FIT Canarias)<\/a>, el Ayuntamiento de Adeje, Turismo de Tenerife y la C\u00e1mara de Comercio de Santa Cruz de Tenerife. Se celebrar\u00e1 en la Facultad de Econom\u00eda, Empresa y Turismo de la ULL y, esta ocasi\u00f3n, se dirige espec\u00edficamente a estudiantes universitarios de diferentes ramas vinculadas al turismo.<br \/>\nEl <strong>objetivo<\/strong> de este encuentro es crear un espacio de di\u00e1logo y participaci\u00f3n para alumnado, profesorado y profesionales del turismo donde, de forma pr\u00e1ctica, se puedan analizar los aspectos que mejor valoran las empresas del sector tur\u00edstico en los estudiantes. Asimismo, se dar\u00e1 visibilidad al talento universitario que, desde sus diferentes disciplinas, puede ayudar a impulsar la innovaci\u00f3n del sector mediante trabajos y proyectos de fin de grado con una aplicaci\u00f3n real en este campo. Adem\u00e1s, est\u00e1 incluida en el itinerario formativo del programa \u2018Experiencias para aprender: desarrollo profesional, empleabilidad y emprendimiento\u2019, es de car\u00e1cter gratuito y est\u00e1 abierta a toda la comunidad universitaria, previa inscripci\u00f3n a trav\u00e9s de un formulario web accesible desde la web de la ULL y su Fundaci\u00f3n General.<br \/>\nLa inauguraci\u00f3n correr\u00e1 a cargo del vicerrector de Relaciones con la Sociedad de la ULL, Francisco Javier Garc\u00eda; el gerente de la Fundaci\u00f3n universitiaria, Julio Brito; la directora de FIT Canarias, Carmen de Miguel; y el gerente de Ashotel, Juan Pablo Gonz\u00e1lez.<br \/>\nA continuaci\u00f3n, ofrecer\u00e1n sendas charlas Pablo Rodr\u00edguez Gonz\u00e1lez, doctor en Sociolog\u00eda del Turismo por la ULL, quien realizar\u00e1 un an\u00e1lisis del mercado laboral tur\u00edstico a partir de las ofertas de empleo; y Cristina Rodr\u00edguez Borges, jefa de Recursos Humanos del Paradise Park Fun Lifestyle Hotel (Arona), quien participar\u00e1 con la ponencia \u2018La actitud, el hecho diferenciador\u2019.<br \/>\nA su t\u00e9rmino se organizar\u00e1n tres mesas de trabajo simult\u00e1neas, cuya presentaci\u00f3n correr\u00e1 a cargo de Marisol Bard\u00f3n, directora de Formaci\u00f3n y Empleo de Ashotel, en torno a tres grandes temas: sostenibilidad en el sector tur\u00edstico, innovaci\u00f3n tecnol\u00f3gica para el sector tur\u00edstico e innovaci\u00f3n en la gesti\u00f3n hotelera, en la que adem\u00e1s de los estudiantes universitarios participar\u00e1n profesionales del sector vinculados a cada uno de esos grandes bloques. Finalmente, un portavoz de cada una de las mesas expondr\u00e1 las conclusiones del trabajo realizado en cada grupo.<br \/>\nSe recomienda<a href=\"http:\/\/fg.ull.es\/encuestas\/index.php?r=survey\/index&amp;sid=276467&amp;lang=es\"> <strong>INSCRIPCI\u00d3N<\/strong><\/a> previa .<br \/>\n<a href=\"http:\/\/www.fg.ull.es\/wp-content\/uploads\/2016\/10\/Programa-Encuentro-por-el-empleo-en-el-sector-tur\u00edstico-ULL-2.pdf\"><strong>\u00a0PROGRAMA<\/strong><\/a><br \/>\n<strong>\u00a0<\/strong><br \/>\n&nbsp;<\/p>\n","protected":false},"excerpt":{"rendered":"<p>Tendr\u00e1 lugar este viernes, 21 de octubre, en el Aula Magna de Ciencias Econ\u00f3micas y Empresariales de la ULL. Se analizar\u00e1n las caracter\u00edsticas positivas que influyen en la contrataci\u00f3n de nuevo personal y la necesidad de incorporar a distintos perfiles para impulsar la innovaci\u00f3n tur\u00edstica. <\/p>\n","protected":false},"author":3,"featured_media":29636,"comment_status":"closed","ping_status":"closed","sticky":false,"template":"","format":"standard","meta":{"footnotes":""},"categories":[3],"tags":[518,613,1392,1396,1426],"featured_image_thumbnail_url":"https:\/\/fg.ull.es\/hemeroteca\/wp-content\/uploads\/sites\/14\/2016\/10\/Economicas-empresariales-01-300x200.jpg","_links":{"self":[{"href":"https:\/\/fg.ull.es\/hemeroteca\/wp-json\/wp\/v2\/posts\/29634"}],"collection":[{"href":"https:\/\/fg.ull.es\/hemeroteca\/wp-json\/wp\/v2\/posts"}],"about":[{"href":"https:\/\/fg.ull.es\/hemeroteca\/wp-json\/wp\/v2\/types\/post"}],"author":[{"embeddable":true,"href":"https:\/\/fg.ull.es\/hemeroteca\/wp-json\/wp\/v2\/users\/3"}],"replies":[{"embeddable":true,"href":"https:\/\/fg.ull.es\/hemeroteca\/wp-json\/wp\/v2\/comments?post=29634"}],"version-history":[{"count":0,"href":"https:\/\/fg.ull.es\/hemeroteca\/wp-json\/wp\/v2\/posts\/29634\/revisions"}],"wp:featuredmedia":[{"embeddable":true,"href":"https:\/\/fg.ull.es\/hemeroteca\/wp-json\/wp\/v2\/media\/29636"}],"wp:attachment":[{"href":"https:\/\/fg.ull.es\/hemeroteca\/wp-json\/wp\/v2\/media?parent=29634"}],"wp:term":[{"taxonomy":"category","embeddable":true,"href":"https:\/\/fg.ull.es\/hemeroteca\/wp-json\/wp\/v2\/categories?post=29634"},{"taxonomy":"post_tag","embeddable":true,"href":"https:\/\/fg.ull.es\/hemeroteca\/wp-json\/wp\/v2\/tags?post=29634"}],"curies":[{"name":"wp","href":"https:\/\/api.w.org\/{rel}","templated":true}]}}