{"id":29621,"date":"2016-10-19T12:55:25","date_gmt":"2016-10-19T11:55:25","guid":{"rendered":"http:\/\/www.fg.ull.es\/es\/?p=29621"},"modified":"2016-10-19T12:55:25","modified_gmt":"2016-10-19T11:55:25","slug":"la-ull-celebra-unas-jornadas-sobre-el-acceso-abierto-datos-abiertos-y-ciencia-abierta","status":"publish","type":"post","link":"https:\/\/fg.ull.es\/hemeroteca\/2016\/10\/19\/la-ull-celebra-unas-jornadas-sobre-el-acceso-abierto-datos-abiertos-y-ciencia-abierta\/","title":{"rendered":"La ULL celebra las \u201cJornadas sobre el Acceso Abierto, Datos Abiertos y Ciencia Abierta\u201d"},"content":{"rendered":"<h1><strong>La ULL celebra las \u201cJornadas sobre el Acceso Abierto, Datos Abiertos y Ciencia Abierta\u201d<\/strong><\/h1>\n<h4>El evento, que est\u00e1 organizado por el <a href=\"https:\/\/sites.google.com\/a\/ull.edu.es\/open-acces-ull\/objetivos\">grupo Open Access de la ULL<\/a>, \u00a0tendr\u00e1 lugar en el Aula Multiusos del Edificio Central de la Universidad de La Laguna, los d\u00edas 25 y 26 de octubre.<\/h4>\n<p>Estas jornadas tem\u00e1ticas, que se celebran en el marco de la\u00a0VII Semana Internacional del Acceso Abierto,\u00a0tienen el objetivo de invitar a la reflexi\u00f3n sobre la gesti\u00f3n del conocimiento que se hace en las universidades p\u00fablicas. Para ello, se desarrollar\u00e1n cuatro seminarios, impartidos por profesorado y personal investigador de la ULL, que permitir\u00e1n al p\u00fablico conocer la experiencia de los y las ponentes en esta tem\u00e1tica.<br \/>\nLa actividad comenzar\u00e1 el martes 25 de octubre, a las 17 horas, con \u201cEl acceso abierto a la informaci\u00f3n cient\u00edfica: la Declaraci\u00f3n de Berl\u00edn de diciembre de 2015\u201d, \u00a0donde intervendr\u00e1n el profesor titular de Filolog\u00eda Francesa, Jos\u00e9 Oliver Frade, el profesor titular de Antropolog\u00eda Social, Agust\u00edn Santana Talavera y el subdirector de la Biblioteca, Luis Gonzalo Rey Pinz\u00f3n.<br \/>\nActo seguido ser\u00e1 el turno de \u201cPol\u00edtica de gesti\u00f3n del conocimiento en las Universidades p\u00fablicas\u201d, espacio en el que participar\u00e1n la profesora titular del Departamento de Ing. Inform\u00e1tica y de Sistemas\u00a0y directora de Secretariado de Innovaci\u00f3n y Tecnolog\u00eda Educativa, Carina Gonz\u00e1lez Gonz\u00e1lez y el profesor asociado de Derecho Civil de la Universidad de La Laguna, Luis Fajardo L\u00f3pez. La jornada la cerrar\u00e1, a las 19 horas, un debate que moderar\u00e1n el subdirector de Nuevas Tecnolog\u00edas y Formato Electr\u00f3nico de la Biblioteca Universitaria, Fernando Rodr\u00edguez Junco y la responsable de la Hemeroteca de Educaci\u00f3n, M\u00aa Jes\u00fas Moreno Lorenzo.<br \/>\nLa jornada del 26 de octubre comenzar\u00e1 con \u201c<em>Ciencia Abierta. Qu\u00e9 es y propuestas recientes\u201d, donde \u00a0hablar\u00e1n el <\/em>profesor contratado doctor de Ciencias de la Computaci\u00f3n e Inteligencia Artificial y director de la Oficina de Software Libre, Patricio Garc\u00eda B\u00e1ez y el profesor contratado, doctor en F\u00edsica y director de Secretariado de Investigaci\u00f3n, Francisco Javier del Castillo Vargas.<br \/>\nEl profesor titular de Lenguajes y Sistemas Inform\u00e1ticos, Jos\u00e9 Luis Roda Garc\u00eda, ser\u00e1 el encargado de conducir \u201c<em>Datos Abiertos: qu\u00e9 es y casos de \u00e9xito<\/em>\u201d a partir de las 18 horas, para dar paso a un debate final a las 19 horas, que ser\u00e1 moderado por el responsable de la Biblioteca de Educaci\u00f3n, Liti Garc\u00eda-Ramos Medina y el jefe de la Secci\u00f3n de Ciencias y T\u00e9cnicas de la Biblioteca Universitaria, Jos\u00e9 Manuel Erbez Rodr\u00edguez.<br \/>\nLas personas interesadas en asistir tienen de plazo hasta el pr\u00f3ximo 25 de octubre para formalizar su inscripci\u00f3n a trav\u00e9s de <a href=\"http:\/\/eventos.ull.es\/event_detail\/6212\/tickets.html\">este enlace<\/a>. Se entregar\u00e1 un certificado de participaci\u00f3n.<br \/>\n&nbsp;<\/p>\n<h4>Inscripci\u00f3n <a href=\"http:\/\/eventos.ull.es\/event_detail\/6212\/tickets.html\">AQU\u00cd<\/a><\/h4>\n<p>&nbsp;<\/p>\n","protected":false},"excerpt":{"rendered":"<p>La ULL celebra unas \u201cJornadas sobre el Acceso Abierto, Datos Abiertos y Ciencia Abierta\u201d<\/p>\n","protected":false},"author":37,"featured_media":29623,"comment_status":"closed","ping_status":"closed","sticky":false,"template":"","format":"standard","meta":{"footnotes":""},"categories":[8],"tags":[428,746,895,1064,1396],"featured_image_thumbnail_url":"https:\/\/fg.ull.es\/hemeroteca\/wp-content\/uploads\/sites\/14\/2016\/10\/1-300x144.png","_links":{"self":[{"href":"https:\/\/fg.ull.es\/hemeroteca\/wp-json\/wp\/v2\/posts\/29621"}],"collection":[{"href":"https:\/\/fg.ull.es\/hemeroteca\/wp-json\/wp\/v2\/posts"}],"about":[{"href":"https:\/\/fg.ull.es\/hemeroteca\/wp-json\/wp\/v2\/types\/post"}],"author":[{"embeddable":true,"href":"https:\/\/fg.ull.es\/hemeroteca\/wp-json\/wp\/v2\/users\/37"}],"replies":[{"embeddable":true,"href":"https:\/\/fg.ull.es\/hemeroteca\/wp-json\/wp\/v2\/comments?post=29621"}],"version-history":[{"count":0,"href":"https:\/\/fg.ull.es\/hemeroteca\/wp-json\/wp\/v2\/posts\/29621\/revisions"}],"wp:featuredmedia":[{"embeddable":true,"href":"https:\/\/fg.ull.es\/hemeroteca\/wp-json\/wp\/v2\/media\/29623"}],"wp:attachment":[{"href":"https:\/\/fg.ull.es\/hemeroteca\/wp-json\/wp\/v2\/media?parent=29621"}],"wp:term":[{"taxonomy":"category","embeddable":true,"href":"https:\/\/fg.ull.es\/hemeroteca\/wp-json\/wp\/v2\/categories?post=29621"},{"taxonomy":"post_tag","embeddable":true,"href":"https:\/\/fg.ull.es\/hemeroteca\/wp-json\/wp\/v2\/tags?post=29621"}],"curies":[{"name":"wp","href":"https:\/\/api.w.org\/{rel}","templated":true}]}}