{"id":29609,"date":"2016-10-18T19:05:35","date_gmt":"2016-10-18T18:05:35","guid":{"rendered":"http:\/\/www.fg.ull.es\/es\/?p=29609"},"modified":"2016-10-18T19:05:35","modified_gmt":"2016-10-18T18:05:35","slug":"ii-encuentro-por-el-empleo-en-el-sector-turistico-proximo-viernes-21-de-octubre","status":"publish","type":"post","link":"https:\/\/fg.ull.es\/hemeroteca\/2016\/10\/18\/ii-encuentro-por-el-empleo-en-el-sector-turistico-proximo-viernes-21-de-octubre\/","title":{"rendered":"III Encuentro por el Empleo en el Sector Tur\u00edstico el pr\u00f3ximo viernes 21 de octubre"},"content":{"rendered":"<h1>III Encuentro por el Empleo en el Sector Tur\u00edstico el pr\u00f3ximo viernes 21 de octubre<\/h1>\n<h4>Se celebrar\u00e1 en el Aula Magna de la Secci\u00f3n de Ciencias Econ\u00f3micas y Empresariales de la Universidad de La Laguna de 10 a 14 horas. La asistencia es gratuita, aunque se recomienda inscribirse previamente.<\/h4>\n<p>El pr\u00f3ximo viernes, <strong>21 de octubre<\/strong>, en horario de <strong>10 a 14 horas<\/strong>, se celebrar\u00e1 un encuentro para debatir sobre las oportunidades de empleo universitario en el sector tur\u00edstico. Se abrir\u00e1 un espacio de encuentro y debate sobre las posibilidades laborales en este \u00e1mbito y, tambi\u00e9n, sobre las necesidades de mejora y el papel que pueden tener los y las tituladas en generar innovaci\u00f3n mediante trabajos y proyectos de fin de grado con una aplicaci\u00f3n real en este campo.<br \/>\nLa jornada est\u00e1 organizada por la Factor\u00eda de Innovaci\u00f3n Tur\u00edstica, Ashotel, la C\u00e1tedra de Turismo, la C\u00e1mara de Comercio, el Ayuntamiento de Adeje y la Universidad de La Laguna, a trav\u00e9s de su Fundaci\u00f3n General.<br \/>\nTras una breve<strong> apertura institucional<\/strong> se dar\u00e1 paso a la ponencia titulada \u201cLa flexibilidad laboral en el sector tur\u00edstico. Un an\u00e1lisis a partir de las ofertas de empleo\u201d, de Pablo Rodr\u00edguez Gonz\u00e1lez. A continuaci\u00f3n, a las 11 horas, ser\u00e1 el turno de Bruno Correa con \u201cLa actitud, el hecho diferenciador\u201d. Tras el descanso, a las 12 horas, se iniciar\u00e1n tres mesas de trabajo simult\u00e1neas, \u201cSostenibilidad en el sector tur\u00edstico\u201d, \u201cInnovaci\u00f3n tecnol\u00f3gica para el sector tur\u00edstico\u201d e \u201cInnovaci\u00f3n en la gesti\u00f3n hotelera\u201d. Finalmente, a las 13:45 horas, se presentar\u00e1n las conclusiones de la jornada y se realizar\u00e1 la clausura del acto.<br \/>\nEsta jornada, est\u00e1 incluida dentro del itinerario formativo del programa <strong>\u201cExperiencias para aprender: Desarrollo profesional, empleabilidad y emprendimiento\u201d<\/strong>, es de car\u00e1cter gratuito y est\u00e1 abierta a toda la comunidad universitaria, previa inscripci\u00f3n a trav\u00e9s de un formulario web accesible tanto desde la web de la ULL y su Fundaci\u00f3n General como de la Factor\u00eda de Innovaci\u00f3n Tur\u00edstica.<br \/>\n<a href=\"https:\/\/goo.gl\/Ou08Qv\">INSCRIPCI\u00d3N AQU\u00cd<\/a><br \/>\n&nbsp;<br \/>\n&nbsp;<br \/>\n&nbsp;<br \/>\n&nbsp;<\/p>\n","protected":false},"excerpt":{"rendered":"<p>Se celebrar\u00e1 en el Aula Magna de la Secci\u00f3n de Ciencias Econ\u00f3micas y Empresariales de la Universidad de La Laguna de 10 a 14 horas. La asistencia es gratuita, aunque se recomienda inscribirse previamente. <\/p>\n","protected":false},"author":3,"featured_media":29610,"comment_status":"closed","ping_status":"closed","sticky":false,"template":"","format":"standard","meta":{"footnotes":""},"categories":[3],"tags":[518,1392],"featured_image_thumbnail_url":"https:\/\/fg.ull.es\/hemeroteca\/wp-content\/uploads\/sites\/14\/2016\/10\/airport-375442_960_720-300x200.jpg","_links":{"self":[{"href":"https:\/\/fg.ull.es\/hemeroteca\/wp-json\/wp\/v2\/posts\/29609"}],"collection":[{"href":"https:\/\/fg.ull.es\/hemeroteca\/wp-json\/wp\/v2\/posts"}],"about":[{"href":"https:\/\/fg.ull.es\/hemeroteca\/wp-json\/wp\/v2\/types\/post"}],"author":[{"embeddable":true,"href":"https:\/\/fg.ull.es\/hemeroteca\/wp-json\/wp\/v2\/users\/3"}],"replies":[{"embeddable":true,"href":"https:\/\/fg.ull.es\/hemeroteca\/wp-json\/wp\/v2\/comments?post=29609"}],"version-history":[{"count":0,"href":"https:\/\/fg.ull.es\/hemeroteca\/wp-json\/wp\/v2\/posts\/29609\/revisions"}],"wp:featuredmedia":[{"embeddable":true,"href":"https:\/\/fg.ull.es\/hemeroteca\/wp-json\/wp\/v2\/media\/29610"}],"wp:attachment":[{"href":"https:\/\/fg.ull.es\/hemeroteca\/wp-json\/wp\/v2\/media?parent=29609"}],"wp:term":[{"taxonomy":"category","embeddable":true,"href":"https:\/\/fg.ull.es\/hemeroteca\/wp-json\/wp\/v2\/categories?post=29609"},{"taxonomy":"post_tag","embeddable":true,"href":"https:\/\/fg.ull.es\/hemeroteca\/wp-json\/wp\/v2\/tags?post=29609"}],"curies":[{"name":"wp","href":"https:\/\/api.w.org\/{rel}","templated":true}]}}