{"id":29597,"date":"2016-10-18T11:25:25","date_gmt":"2016-10-18T10:25:25","guid":{"rendered":"http:\/\/www.fg.ull.es\/es\/?p=29597"},"modified":"2016-10-18T11:25:25","modified_gmt":"2016-10-18T10:25:25","slug":"estudiantes-de-la-ull-se-convierten-directivos-y-directivas-durante-un-dia","status":"publish","type":"post","link":"https:\/\/fg.ull.es\/hemeroteca\/2016\/10\/18\/estudiantes-de-la-ull-se-convierten-directivos-y-directivas-durante-un-dia\/","title":{"rendered":"Estudiantes de la ULL se convierten directivos y directivas durante un d\u00eda"},"content":{"rendered":"<h1><strong>Estudiantes de la ULL se convierten directivos y directivas durante un d\u00eda<\/strong><\/h1>\n<h4>Ma\u00f1ana, 19 de octubre, once estudiantes de la ULL conocer\u00e1n de primera mano la labor que se desempe\u00f1a dentro los cargos de direcci\u00f3n de las empresas, gracias al programa \u201cDirectivos\/as por un D\u00eda\u201d<\/h4>\n<p>La Agencia Universitaria de Empleo de la Fundaci\u00f3n General de la Universidad de La Laguna colabora en este proyecto, organizado en conjunto por <a href=\"http:\/\/asociaciondedirectivos.org\/\">la Asociaci\u00f3n Espa\u00f1ola de Directivos<\/a> (ADE) y la <a href=\"http:\/\/www.fundacionjaes.org\/\">Fundaci\u00f3n Junior Achievement Espa\u00f1a<\/a>. El objetivo es dotar a la juventud con habilidades directivas, para lo que se ha seleccionado a un grupo de estudiantes, que convivir\u00e1n durante un d\u00eda con una persona que ocupe un cargo de direcci\u00f3n, en una organizaci\u00f3n de su entorno. De este modo, el alumnado podr\u00e1 familiarizarse con la labor diaria y las funciones que se desempe\u00f1an en un puesto de trabajo de estas caracter\u00edsticas.<br \/>\nEn la nueva edici\u00f3n del proyecto \u201cDirectivos\/as por un D\u00eda\u201d participar\u00e1n un total de once estudiantes de la Universidad de La Laguna. El encuentro se realizar\u00e1 ma\u00f1ana, mi\u00e9rcoles 19 de octubre y ser\u00e1 una oportunidad para fomentar la transferencia de conocimientos y \u00a0proporcionar al alumnado un acercamiento al mundo laboral, que puede guiarles en la orientaci\u00f3n de su futuro profesional.<br \/>\nDurante esta semana, la iniciativa se celebra tambi\u00e9n en otros puntos de la geograf\u00eda espa\u00f1ola. Empezar\u00e1 en Barcelona y Tarragona hoy, 18 de octubre, para proseguir en Tenerife ma\u00f1ana, 19 de octubre, en Valencia el d\u00eda 20 y cerrar la actividad en Madrid, este viernes 21 de octubre.<\/p>\n","protected":false},"excerpt":{"rendered":"<p>Ma\u00f1ana, 19 de octubre, once estudiantes de la ULL conocer\u00e1n de primera mano la labor que se desempe\u00f1a dentro los cargos de direcci\u00f3n de las empresas, gracias al programa \u201cDirectivos\/as por un D\u00eda\u201d<\/p>\n","protected":false},"author":37,"featured_media":29599,"comment_status":"closed","ping_status":"closed","sticky":false,"template":"","format":"standard","meta":{"footnotes":""},"categories":[3],"tags":[59,93,97,137,703,1396],"featured_image_thumbnail_url":"https:\/\/fg.ull.es\/hemeroteca\/wp-content\/uploads\/sites\/14\/2016\/10\/entrerpeneurs-300x219.jpg","_links":{"self":[{"href":"https:\/\/fg.ull.es\/hemeroteca\/wp-json\/wp\/v2\/posts\/29597"}],"collection":[{"href":"https:\/\/fg.ull.es\/hemeroteca\/wp-json\/wp\/v2\/posts"}],"about":[{"href":"https:\/\/fg.ull.es\/hemeroteca\/wp-json\/wp\/v2\/types\/post"}],"author":[{"embeddable":true,"href":"https:\/\/fg.ull.es\/hemeroteca\/wp-json\/wp\/v2\/users\/37"}],"replies":[{"embeddable":true,"href":"https:\/\/fg.ull.es\/hemeroteca\/wp-json\/wp\/v2\/comments?post=29597"}],"version-history":[{"count":0,"href":"https:\/\/fg.ull.es\/hemeroteca\/wp-json\/wp\/v2\/posts\/29597\/revisions"}],"wp:featuredmedia":[{"embeddable":true,"href":"https:\/\/fg.ull.es\/hemeroteca\/wp-json\/wp\/v2\/media\/29599"}],"wp:attachment":[{"href":"https:\/\/fg.ull.es\/hemeroteca\/wp-json\/wp\/v2\/media?parent=29597"}],"wp:term":[{"taxonomy":"category","embeddable":true,"href":"https:\/\/fg.ull.es\/hemeroteca\/wp-json\/wp\/v2\/categories?post=29597"},{"taxonomy":"post_tag","embeddable":true,"href":"https:\/\/fg.ull.es\/hemeroteca\/wp-json\/wp\/v2\/tags?post=29597"}],"curies":[{"name":"wp","href":"https:\/\/api.w.org\/{rel}","templated":true}]}}