{"id":29592,"date":"2016-10-17T14:27:52","date_gmt":"2016-10-17T13:27:52","guid":{"rendered":"http:\/\/www.fg.ull.es\/es\/?p=29592"},"modified":"2016-10-17T14:27:52","modified_gmt":"2016-10-17T13:27:52","slug":"energia-nuclear-en-el-proximo-encuentro-de-escepticos-en-el-pub","status":"publish","type":"post","link":"https:\/\/fg.ull.es\/hemeroteca\/2016\/10\/17\/energia-nuclear-en-el-proximo-encuentro-de-escepticos-en-el-pub\/","title":{"rendered":"Energ\u00eda nuclear en el pr\u00f3ximo encuentro de \u2018Esc\u00e9pticos en el pub\u2019"},"content":{"rendered":"<h1><strong>Energ\u00eda nuclear en el pr\u00f3ximo encuentro de \u2018Esc\u00e9pticos en el pub\u2019<\/strong><\/h1>\n<h4>Una nueva sesi\u00f3n de esta iniciativa mensual de divulgaci\u00f3n cient\u00edfica se celebrar\u00e1 este jueves, 20 de octubre, a partir de las 20 horas, en el\u00a0caf\u00e9 7 de La Laguna<\/h4>\n<p>\u201cNuclear en la guerra, nuclear en la paz\u201d es el t\u00edtulo del\u00a0 pr\u00f3ximo encuentro de \u2018Esc\u00e9pticos en el pub\u2019, que tendr\u00e1 como ponente al doctor en F\u00edsica de la Universidad de La Laguna, Luis Vega Mart\u00edn.<br \/>\nComo cada mes, se propondr\u00e1 un tema para generar un debate posterior con las personas asistentes, en un ambiente distendido. Una pr\u00e1ctica que se celebra en distintos pa\u00edses y que, en Tenerife, est\u00e1 impulsada por Aula Cultural de Divulgaci\u00f3n Cient\u00edfica de la Universidad de La Laguna y el Vicerrectorado de Relaciones con la Sociedad de la ULL.<br \/>\nColaboran: la LAGENDA; el Aula Cultural \u201cRadio Campus\u201d; la Universidad de La Laguna; la C\u00e1tedra Cultural \u201cFrancisco Tom\u00e1s y Valiente\u201d; GoPro Canarias \u2013 Puerto inform\u00e1tica.com; Editorial Laetoli; ARP-Sociedad para el Avance del Pensamiento Cr\u00edtico y\u00a0la Asociaci\u00f3n cultural de relaciones internacionales \u201cHacer para el desarrollo\u201d.<\/p>\n","protected":false},"excerpt":{"rendered":"<p>Una nueva sesi\u00f3n de esta iniciativa mensual de divulgaci\u00f3n cient\u00edfica se celebrar\u00e1 este jueves, 20 de octubre, a partir de las 20 horas, en el caf\u00e9 7 de La Laguna<\/p>\n","protected":false},"author":37,"featured_media":29596,"comment_status":"closed","ping_status":"closed","sticky":false,"template":"","format":"standard","meta":{"footnotes":""},"categories":[8],"tags":[265,473,578,1396],"featured_image_thumbnail_url":"https:\/\/fg.ull.es\/hemeroteca\/wp-content\/uploads\/sites\/14\/2016\/10\/d-2-213x300.png","_links":{"self":[{"href":"https:\/\/fg.ull.es\/hemeroteca\/wp-json\/wp\/v2\/posts\/29592"}],"collection":[{"href":"https:\/\/fg.ull.es\/hemeroteca\/wp-json\/wp\/v2\/posts"}],"about":[{"href":"https:\/\/fg.ull.es\/hemeroteca\/wp-json\/wp\/v2\/types\/post"}],"author":[{"embeddable":true,"href":"https:\/\/fg.ull.es\/hemeroteca\/wp-json\/wp\/v2\/users\/37"}],"replies":[{"embeddable":true,"href":"https:\/\/fg.ull.es\/hemeroteca\/wp-json\/wp\/v2\/comments?post=29592"}],"version-history":[{"count":0,"href":"https:\/\/fg.ull.es\/hemeroteca\/wp-json\/wp\/v2\/posts\/29592\/revisions"}],"wp:featuredmedia":[{"embeddable":true,"href":"https:\/\/fg.ull.es\/hemeroteca\/wp-json\/wp\/v2\/media\/29596"}],"wp:attachment":[{"href":"https:\/\/fg.ull.es\/hemeroteca\/wp-json\/wp\/v2\/media?parent=29592"}],"wp:term":[{"taxonomy":"category","embeddable":true,"href":"https:\/\/fg.ull.es\/hemeroteca\/wp-json\/wp\/v2\/categories?post=29592"},{"taxonomy":"post_tag","embeddable":true,"href":"https:\/\/fg.ull.es\/hemeroteca\/wp-json\/wp\/v2\/tags?post=29592"}],"curies":[{"name":"wp","href":"https:\/\/api.w.org\/{rel}","templated":true}]}}