{"id":29584,"date":"2016-10-17T13:33:59","date_gmt":"2016-10-17T12:33:59","guid":{"rendered":"http:\/\/www.fg.ull.es\/es\/?p=29584"},"modified":"2016-10-17T13:33:59","modified_gmt":"2016-10-17T12:33:59","slug":"llega-a-canarias-eccomfest-el-primer-evento-en-canarias-dedicado-en-exclusiva-al-comercio-electronico","status":"publish","type":"post","link":"https:\/\/fg.ull.es\/hemeroteca\/2016\/10\/17\/llega-a-canarias-eccomfest-el-primer-evento-en-canarias-dedicado-en-exclusiva-al-comercio-electronico\/","title":{"rendered":"Llega a Canarias ECOMMFEST, el primer evento  dedicado en exclusiva al comercio electr\u00f3nico"},"content":{"rendered":"<h1><strong>Llega a Canarias ECOMMFEST, el primer evento en <\/strong><strong>dedicado en exclusiva al comercio electr\u00f3nico<\/strong><\/h1>\n<h4>La Unidad de emprendimiento de la Fundaci\u00f3n General de la ULL es una de las entidades que patrocina este encuentro, que tendr\u00e1 lugar el pr\u00f3ximo 2 de diciembre en el <a href=\"https:\/\/www.google.es\/maps\/place\/Espacio+Blanco\/@28.4583464,-16.2563607,15z\/data=!4m5!3m4!1s0x0:0xd54514067cd9e18b!8m2!3d28.4583464!4d-16.2563607?sa=X&amp;ved=0ahUKEwjF7-K6utLPAhXH1hoKHSAMAGcQ_BIIbTAK\">Espacio Blanco<\/a> de\u00a0Santa Cruz de Tenerife.\u00a0Est\u00e1 dirigido\u00a0a personas empresarias, emprendedoras y\/o aut\u00f3nomas, as\u00ed como al p\u00fablico general, que tenga inter\u00e9s en conocer la realidad del e-Commerce.<\/h4>\n<p><a href=\"http:\/\/ecommfest.com\/#blank\">ECOMMFEST<\/a>, est\u00e1 organizado por FreshCommerce \u00a0y\u00a0 cuenta con el Parque Cient\u00edfico y Tecnol\u00f3gico de Tenerife y TIPSA, como patrocinadores Premium. Es un acto en el que se dar\u00e1n cita las \u00faltimas tendencias de comercio electr\u00f3nico, ejemplos de casos de \u00e9xitos presentados por sus protagonistas y distintas actividades, como debates o conferencias.<br \/>\nIntervendr\u00e1n diferentes <a href=\"http:\/\/ecommfest.com\/ponentes\/\">ponentes<\/a>\u00a0de referencia, por ejemplo, el fundador, copropietario y director general de Tuperfume.com, Tubillete.com y Hotelia.com, Fran Rodr\u00edguez, el consultor ecommerce, Jordi Ordo\u00f1ez o la directora de Canarias Viaja y especialista mercados online, Tina Sonck.<br \/>\nPor otra parte, se entregar\u00e1n dos galardones: uno a la <a href=\"http:\/\/ecommfest.com\/mejor-tienda-ecommfest-2016\/\">mejor tienda ECOMMFEST 2016<\/a>, que consistir\u00e1 en una mejora valorada en 2000 euros y otro, el <a href=\"http:\/\/ecommfest.com\/premio-solidario-ecommfest-2016\/\">\u201cPremio Solidario ECOMMFEST 2016<\/a>\u201d, \u00a0para proyectos sin \u00e1nimo de lucro, que supondr\u00e1 el dise\u00f1o de una tienda online profesional de 1500 euros. Las personas interesadas en presentarse a cualquiera de las categor\u00edas, deber\u00e1n hacerlo antes del pr\u00f3ximo 31 de octubre.<br \/>\nECOMMFEST se\u00a0celebrar\u00e1\u00a0el viernes 2 de diciembre, en el \u00a0Espacio Blanco de Santa Cruz de Tenerife, a partir de las 15 horas. Participan tambi\u00e9n, como patrocinadores,\u00a0la Fundaci\u00f3n Genera de la ULL, +tarde paga, lowpost, Papanaranja.com, ecn business school, Heineken, canariasviaja,com, Bodegas Monje, fuentealta, TuBillete.com, Espacio Blanco y Abubukaka.<\/p>\n<h4>M\u00e1s informaci\u00f3n e inscripci\u00f3n <a href=\"http:\/\/ecommfest.com\/#blank\">AQU\u00cd<\/a><\/h4>\n","protected":false},"excerpt":{"rendered":"<p>La Unidad de emprendimiento de la Fundaci\u00f3n General de la ULL patrocina este encuentro, que tendr\u00e1 lugar el pr\u00f3ximo 2 de diciembre en el Espacio Blanco de Santa Cruz de Tenerife. El evento se dirige a personas empresarias, emprendedoras y\/o aut\u00f3nomas, as\u00ed como al p\u00fablico general que tenga inter\u00e9s en conocer la realidad del e-Commerce.<\/p>\n","protected":false},"author":37,"featured_media":29585,"comment_status":"closed","ping_status":"closed","sticky":false,"template":"","format":"standard","meta":{"footnotes":""},"categories":[3],"tags":[366,492,703,1096],"featured_image_thumbnail_url":"https:\/\/fg.ull.es\/hemeroteca\/wp-content\/uploads\/sites\/14\/2016\/10\/Sin-t\u00edtulo-300x145.png","_links":{"self":[{"href":"https:\/\/fg.ull.es\/hemeroteca\/wp-json\/wp\/v2\/posts\/29584"}],"collection":[{"href":"https:\/\/fg.ull.es\/hemeroteca\/wp-json\/wp\/v2\/posts"}],"about":[{"href":"https:\/\/fg.ull.es\/hemeroteca\/wp-json\/wp\/v2\/types\/post"}],"author":[{"embeddable":true,"href":"https:\/\/fg.ull.es\/hemeroteca\/wp-json\/wp\/v2\/users\/37"}],"replies":[{"embeddable":true,"href":"https:\/\/fg.ull.es\/hemeroteca\/wp-json\/wp\/v2\/comments?post=29584"}],"version-history":[{"count":0,"href":"https:\/\/fg.ull.es\/hemeroteca\/wp-json\/wp\/v2\/posts\/29584\/revisions"}],"wp:featuredmedia":[{"embeddable":true,"href":"https:\/\/fg.ull.es\/hemeroteca\/wp-json\/wp\/v2\/media\/29585"}],"wp:attachment":[{"href":"https:\/\/fg.ull.es\/hemeroteca\/wp-json\/wp\/v2\/media?parent=29584"}],"wp:term":[{"taxonomy":"category","embeddable":true,"href":"https:\/\/fg.ull.es\/hemeroteca\/wp-json\/wp\/v2\/categories?post=29584"},{"taxonomy":"post_tag","embeddable":true,"href":"https:\/\/fg.ull.es\/hemeroteca\/wp-json\/wp\/v2\/tags?post=29584"}],"curies":[{"name":"wp","href":"https:\/\/api.w.org\/{rel}","templated":true}]}}