{"id":29580,"date":"2016-10-17T12:24:15","date_gmt":"2016-10-17T11:24:15","guid":{"rendered":"http:\/\/www.fg.ull.es\/es\/?p=29580"},"modified":"2016-10-17T12:24:15","modified_gmt":"2016-10-17T11:24:15","slug":"la-cuarta-edicion-del-foro-nueva-economia-se-inaugura-en-el-ambito-academico","status":"publish","type":"post","link":"https:\/\/fg.ull.es\/hemeroteca\/2016\/10\/17\/la-cuarta-edicion-del-foro-nueva-economia-se-inaugura-en-el-ambito-academico\/","title":{"rendered":"La cuarta edici\u00f3n del &#039;Foro Nueva Econom\u00eda&#039; se inaugura en el \u00e1mbito acad\u00e9mico"},"content":{"rendered":"<h1><strong>La cuarta edici\u00f3n del &#8216;Foro Nueva Econom\u00eda&#8217; se inaugura en el \u00e1mbito acad\u00e9mico<\/strong><\/h1>\n<p>Hoy, 17 de octubre y ma\u00f1ana, la ULL y la ULPGC acoger\u00e1n las dos primeras conferencias de esta iniciativa, organizada por la Fundaci\u00f3n CajaCanarias y la Obra Social la Caixa, junto a\u00a0<a href=\"http:\/\/www.fyde-cajacanarias.es\/\" target=\"_blank\" rel=\"noopener noreferrer\">Fyde CajaCanarias<\/a>\u00a0y <a href=\"http:\/\/asociaciondedirectivos.org\/\" target=\"_blank\" rel=\"noopener noreferrer\">AED<\/a><br \/>\nLa Jornada \u201cCaptaci\u00f3n y desarrollo del talento y las competencias del nuevo profesional\u201d ser\u00e1 la encargada de iniciar la nueva edici\u00f3n del programa \u201cNueva Econom\u00eda, nueva empresa\u201d, impulsado por la Fundaci\u00f3n CajaCanarias y la Obra Social la Caixa, con la direcci\u00f3n t\u00e9cnica de la Fundaci\u00f3n \u00a0<a href=\"http:\/\/www.fyde-cajacanarias.es\/\">Fyde CajaCanarias<\/a> y la Asociaci\u00f3n Espa\u00f1ola de Directivos (<a href=\"http:\/\/asociaciondedirectivos.org\/\" target=\"_blank\" rel=\"noopener noreferrer\">AED<\/a>).<br \/>\nEl encuentro se celebrar\u00e1 hoy en el Sal\u00f3n de Actos de la Facultad de Econom\u00eda, Empresa y Turismo de la Universidad de La Laguna, en horario de 17.30 a 19.30\u00a0horas y ma\u00f1ana, 18 de octubre, en la Universidad de Las Palmas de Gran Canaria.<br \/>\nContar\u00e1 con la participaci\u00f3n del promotor de\u00a0<a href=\"http:\/\/yoriento.com\/\" target=\"_blank\" rel=\"noopener noreferrer\">Yoriento<\/a>, <a href=\"https:\/\/www.linkedin.com\/in\/alfonsoalcantara\" target=\"_blank\" rel=\"noopener noreferrer\">Alfonso Alc\u00e1ntara <\/a>y\u00a0de la especialista en procesos de selecci\u00f3n de personal y CEO en Global Human Capital Group,\u00a0<a href=\"https:\/\/www.linkedin.com\/in\/amparodiazllairo\" target=\"_blank\" rel=\"noopener noreferrer\">Amparo D\u00edaz<\/a>.\u00a0 Las claves de los nuevos procesos de captaci\u00f3n y desarrollo del talento de las organizaciones, los perfiles de competencias m\u00e1s demandados o las cualidades profesionales que exige el nuevo modelo econ\u00f3mico, son algunos de los temas, relacionados con el empleo, que se abordar\u00e1n durante las conferencias.<br \/>\n\u201cCaptaci\u00f3n y desarrollo del talento y las competencias del nuevo profesional\u201d dar\u00e1 el pistoletazo de salida a la actividad del &#8216;Foro Nueva Econom\u00eda, Nueva Empresa&#8217;, que ya tiene previstas m\u00e1s de una veintena de acciones para los pr\u00f3ximos meses.<\/p>\n<h4>M\u00e1s informaci\u00f3n\u00a0<a href=\"http:\/\/foroe.es\/jornada-sobre-captacion-y-desarrollo-del-talento-y-las-competencias-del-nuevo-profesional\/\" target=\"_blank\" rel=\"noopener noreferrer\">AQU\u00cd<\/a><\/h4>\n","protected":false},"excerpt":{"rendered":"<p>Hoy, 17 de octubre y ma\u00f1ana, la ULL y la ULPGC acoger\u00e1n las dos primeras conferencias de esta iniciativa, organizada por la Fundaci\u00f3n CajaCanarias y la Obra Social la Caixa, junto a Fyde CajaCanarias y AED<\/p>\n","protected":false},"author":37,"featured_media":29581,"comment_status":"closed","ping_status":"closed","sticky":false,"template":"","format":"standard","meta":{"footnotes":""},"categories":[5],"tags":[92,142,150,378,518,672,1332,1396,1410],"featured_image_thumbnail_url":"https:\/\/fg.ull.es\/hemeroteca\/wp-content\/uploads\/sites\/14\/2016\/10\/2333-1-300x135.png","_links":{"self":[{"href":"https:\/\/fg.ull.es\/hemeroteca\/wp-json\/wp\/v2\/posts\/29580"}],"collection":[{"href":"https:\/\/fg.ull.es\/hemeroteca\/wp-json\/wp\/v2\/posts"}],"about":[{"href":"https:\/\/fg.ull.es\/hemeroteca\/wp-json\/wp\/v2\/types\/post"}],"author":[{"embeddable":true,"href":"https:\/\/fg.ull.es\/hemeroteca\/wp-json\/wp\/v2\/users\/37"}],"replies":[{"embeddable":true,"href":"https:\/\/fg.ull.es\/hemeroteca\/wp-json\/wp\/v2\/comments?post=29580"}],"version-history":[{"count":0,"href":"https:\/\/fg.ull.es\/hemeroteca\/wp-json\/wp\/v2\/posts\/29580\/revisions"}],"wp:featuredmedia":[{"embeddable":true,"href":"https:\/\/fg.ull.es\/hemeroteca\/wp-json\/wp\/v2\/media\/29581"}],"wp:attachment":[{"href":"https:\/\/fg.ull.es\/hemeroteca\/wp-json\/wp\/v2\/media?parent=29580"}],"wp:term":[{"taxonomy":"category","embeddable":true,"href":"https:\/\/fg.ull.es\/hemeroteca\/wp-json\/wp\/v2\/categories?post=29580"},{"taxonomy":"post_tag","embeddable":true,"href":"https:\/\/fg.ull.es\/hemeroteca\/wp-json\/wp\/v2\/tags?post=29580"}],"curies":[{"name":"wp","href":"https:\/\/api.w.org\/{rel}","templated":true}]}}