{"id":29567,"date":"2016-10-17T09:03:23","date_gmt":"2016-10-17T08:03:23","guid":{"rendered":"http:\/\/www.fg.ull.es\/es\/?p=29567"},"modified":"2016-10-17T09:03:23","modified_gmt":"2016-10-17T08:03:23","slug":"este-miercoles-nueva-pildora-de-emprendimiento-en-guia-de-isora","status":"publish","type":"post","link":"https:\/\/fg.ull.es\/hemeroteca\/2016\/10\/17\/este-miercoles-nueva-pildora-de-emprendimiento-en-guia-de-isora\/","title":{"rendered":"Gu\u00eda de Isora acoge una nueva sesi\u00f3n sobre emprendimiento este mi\u00e9rcoles"},"content":{"rendered":"<h1><strong>Gu\u00eda de Isora acoge una\u00a0nueva sesi\u00f3n\u00a0sobre emprendimiento este mi\u00e9rcoles<\/strong><\/h1>\n<h4>El proyecto Emprende.Isora continua impartiendo formaciones gratuitas durante el mes de octubre, el pr\u00f3ximo\u00a0encuentro se centrar\u00e1 en las \u00a0formas jur\u00eddicas<\/h4>\n<p>Este 19 de octubre, se desarrollar\u00e1 una nueva p\u00edldora formativa destinada a emprendedores y emprendedoras en el\u00a0 <a href=\"https:\/\/www.google.com\/url?hl=es&amp;q=https:\/\/www.google.es\/maps\/dir\/28.2048263,-16.7759543\/@28.2066156,-16.776551,17z\/data%3D!4m2!4m1!3e0&amp;source=gmail&amp;ust=1475744505170000&amp;usg=AFQjCNHfX4-hiInAbemRJTu0w-vw42APYw\" target=\"_blank\" rel=\"noopener noreferrer\">Centro de Empresa de Gu\u00eda de Isora<\/a>\u00a0. \u201c<a href=\"https:\/\/sede.fg.ull.es\/es\/emprendimiento\/detalle\/a16040046\/pildora-formativa-formas-juridicas\" target=\"_blank\" rel=\"noopener noreferrer\">Formas Mercantiles<\/a>\u201d, que tendr\u00e1 lugar de 16 a 19 horas, permitir\u00e1 al alumnado conocer la forma jur\u00eddica que mejor se adapta mejor a su tipo de negocio, as\u00ed como los tr\u00e1mites y requisitos necesarios para adoptarla.<br \/>\nPor otro lado, el 26 de octubre, ser\u00e1 el turno de<a href=\"https:\/\/sede.fg.ull.es\/es\/emprendimiento\/detalle\/a16040047\/pildora-formativa-herramientas-para-gestionar-ventas\" target=\"_blank\" rel=\"noopener noreferrer\"> \u201cHerramientas para gestionar ventas\u201d<\/a>, que se celebrar\u00e1 en el mismo horario y en la misma localizaci\u00f3n que la p\u00edldora anterior. En esta ocasi\u00f3n, se abordar\u00e1n los beneficios e inconvenientes de las herramientas y estrategias m\u00e1s eficaces para la gesti\u00f3n de ventas.<br \/>\nAmbas sesiones son de car\u00e1cter gratuito y se incluyen en el programa de reconocimiento de cr\u00e9ditos ECTS. Las personas interesadas ya pueden formalizar su inscripci\u00f3n a trav\u00e9s de la sede electr\u00f3nica de la Fundaci\u00f3n General de la Universidad de La Laguna.<br \/>\n&nbsp;<br \/>\n<a href=\"https:\/\/sede.fg.ull.es\/es\/emprendimiento\/detalle\/a16040046\/pildora-formativa-formas-juridicas\">Inscripci\u00f3n en Formas Mercantiles<\/a> &#8211; \u00a019 de octubre<br \/>\n<a href=\"https:\/\/sede.fg.ull.es\/es\/emprendimiento\/detalle\/a16040047\/pildora-formativa-herramientas-para-gestionar-ventas\">Inscripci\u00f3n en Herramientas para gestionar ventas<\/a> &#8211; 26 de octubre<br \/>\n&nbsp;<\/p>\n","protected":false},"excerpt":{"rendered":"<p> El proyecto Emprende.Isora continua impartiendo formaciones gratuitas  durante este mes de octubre, el pr\u00f3ximo encuentro se centrar\u00e1 en las  formas jur\u00eddicas<\/p>\n","protected":false},"author":37,"featured_media":29570,"comment_status":"closed","ping_status":"closed","sticky":false,"template":"","format":"standard","meta":{"footnotes":""},"categories":[3],"tags":[524,541,672,753,1064,1105],"featured_image_thumbnail_url":"https:\/\/fg.ull.es\/hemeroteca\/wp-content\/uploads\/sites\/14\/2016\/10\/Pantalla1280x720px-1-300x169.jpg","_links":{"self":[{"href":"https:\/\/fg.ull.es\/hemeroteca\/wp-json\/wp\/v2\/posts\/29567"}],"collection":[{"href":"https:\/\/fg.ull.es\/hemeroteca\/wp-json\/wp\/v2\/posts"}],"about":[{"href":"https:\/\/fg.ull.es\/hemeroteca\/wp-json\/wp\/v2\/types\/post"}],"author":[{"embeddable":true,"href":"https:\/\/fg.ull.es\/hemeroteca\/wp-json\/wp\/v2\/users\/37"}],"replies":[{"embeddable":true,"href":"https:\/\/fg.ull.es\/hemeroteca\/wp-json\/wp\/v2\/comments?post=29567"}],"version-history":[{"count":0,"href":"https:\/\/fg.ull.es\/hemeroteca\/wp-json\/wp\/v2\/posts\/29567\/revisions"}],"wp:featuredmedia":[{"embeddable":true,"href":"https:\/\/fg.ull.es\/hemeroteca\/wp-json\/wp\/v2\/media\/29570"}],"wp:attachment":[{"href":"https:\/\/fg.ull.es\/hemeroteca\/wp-json\/wp\/v2\/media?parent=29567"}],"wp:term":[{"taxonomy":"category","embeddable":true,"href":"https:\/\/fg.ull.es\/hemeroteca\/wp-json\/wp\/v2\/categories?post=29567"},{"taxonomy":"post_tag","embeddable":true,"href":"https:\/\/fg.ull.es\/hemeroteca\/wp-json\/wp\/v2\/tags?post=29567"}],"curies":[{"name":"wp","href":"https:\/\/api.w.org\/{rel}","templated":true}]}}