{"id":29046,"date":"2016-09-29T14:03:13","date_gmt":"2016-09-29T13:03:13","guid":{"rendered":"http:\/\/www.fg.ull.es\/es\/?p=29046"},"modified":"2016-09-29T14:03:13","modified_gmt":"2016-09-29T13:03:13","slug":"el-aula-de-enoturismo-de-la-ull-se-incorpora-a-los-grupos-de-accion-rural-de-tenerife-y-el-hierro","status":"publish","type":"post","link":"https:\/\/fg.ull.es\/hemeroteca\/2016\/09\/29\/el-aula-de-enoturismo-de-la-ull-se-incorpora-a-los-grupos-de-accion-rural-de-tenerife-y-el-hierro\/","title":{"rendered":"El aula de Enoturismo de la ULL se incorpora a los Grupos de Acci\u00f3n Rural de Tenerife y El Hierro"},"content":{"rendered":"<h1>El aula de Enoturismo de la ULL se incorpora a los Grupos de Acci\u00f3n Rural de Tenerife y El Hierro<\/h1>\n<h4>El objetivo es fomentar la inclusi\u00f3n social, la reducci\u00f3n de la pobreza y el desarrollo econ\u00f3mico, haciendo especial hincapi\u00e9 en promover el desarrollo local en las zonas rurales<\/h4>\n<p>El Aula Cultural de Enoturismo y Turismo Gastron\u00f3mico de la Universidad de La Laguna se ha adherido a los Aula Cultural de Enoturismo y Turismo Gastron\u00f3mico de la Universidad de La Laguna establecidos en las islas de Tenerife y El Hierro, asociaciones constituidas con el objetivo de fomentar la inclusi\u00f3n social, la reducci\u00f3n de la pobreza y el desarrollo econ\u00f3mico, haciendo especial hincapi\u00e9 en promover el desarrollo local en las zonas rurales.<br \/>\nLa entidad universitaria, como nuevo miembro asociado de los Grupos de Acci\u00f3n Rural de Tenerife y de El Hierro, busca fomentar el apoyo, y transferir el conocimiento y la innovaci\u00f3n con el fin de mejorar el desarrollo social y comunitario en el medio rural de estas islas.<br \/>\nOtro de los aspectos que busca el Aula de Enoturismo de la Universidad de La Laguna es promover una formaci\u00f3n espec\u00edfica para los territorios insulares, teniendo en cuenta los tres ejes principales que establece la Medida 19 Leader: Fomentar la competitividad agricultura, garantizar la gesti\u00f3n sostenible de los recursos naturales y la acci\u00f3n por el clima, y lograr un desarrollo territorial equilibrado de las econom\u00edas y comunidades rurales incluyendo la creaci\u00f3n y conservaci\u00f3n del empleo.<\/p>\n","protected":false},"excerpt":{"rendered":"<p>El objetivo es fomentar la inclusi\u00f3n social, la reducci\u00f3n de la pobreza y el desarrollo econ\u00f3mico, haciendo especial hincapi\u00e9 en promover el desarrollo local en las zonas rurales<\/p>\n","protected":false},"author":37,"featured_media":29047,"comment_status":"closed","ping_status":"closed","sticky":false,"template":"","format":"standard","meta":{"footnotes":""},"categories":[5],"tags":[204,510,1353,1426],"featured_image_thumbnail_url":"https:\/\/fg.ull.es\/hemeroteca\/wp-content\/uploads\/sites\/14\/2016\/09\/Wineull1-200x300.jpg","_links":{"self":[{"href":"https:\/\/fg.ull.es\/hemeroteca\/wp-json\/wp\/v2\/posts\/29046"}],"collection":[{"href":"https:\/\/fg.ull.es\/hemeroteca\/wp-json\/wp\/v2\/posts"}],"about":[{"href":"https:\/\/fg.ull.es\/hemeroteca\/wp-json\/wp\/v2\/types\/post"}],"author":[{"embeddable":true,"href":"https:\/\/fg.ull.es\/hemeroteca\/wp-json\/wp\/v2\/users\/37"}],"replies":[{"embeddable":true,"href":"https:\/\/fg.ull.es\/hemeroteca\/wp-json\/wp\/v2\/comments?post=29046"}],"version-history":[{"count":0,"href":"https:\/\/fg.ull.es\/hemeroteca\/wp-json\/wp\/v2\/posts\/29046\/revisions"}],"wp:featuredmedia":[{"embeddable":true,"href":"https:\/\/fg.ull.es\/hemeroteca\/wp-json\/wp\/v2\/media\/29047"}],"wp:attachment":[{"href":"https:\/\/fg.ull.es\/hemeroteca\/wp-json\/wp\/v2\/media?parent=29046"}],"wp:term":[{"taxonomy":"category","embeddable":true,"href":"https:\/\/fg.ull.es\/hemeroteca\/wp-json\/wp\/v2\/categories?post=29046"},{"taxonomy":"post_tag","embeddable":true,"href":"https:\/\/fg.ull.es\/hemeroteca\/wp-json\/wp\/v2\/tags?post=29046"}],"curies":[{"name":"wp","href":"https:\/\/api.w.org\/{rel}","templated":true}]}}