{"id":29044,"date":"2016-09-29T14:24:35","date_gmt":"2016-09-29T13:24:35","guid":{"rendered":"http:\/\/www.fg.ull.es\/es\/?p=29044"},"modified":"2016-09-29T14:24:35","modified_gmt":"2016-09-29T13:24:35","slug":"arranca-la-tercera-edicion-del-congreso-iberoamericano-de-innovacion-publica-novagob","status":"publish","type":"post","link":"https:\/\/fg.ull.es\/hemeroteca\/2016\/09\/29\/arranca-la-tercera-edicion-del-congreso-iberoamericano-de-innovacion-publica-novagob\/","title":{"rendered":"Arranca la tercera edici\u00f3n del Congreso Iberoamericano de Innovaci\u00f3n P\u00fablica, Novagob"},"content":{"rendered":"<h1>Arranca la tercera edici\u00f3n del Congreso Iberoamericano de Innovaci\u00f3n P\u00fablica, Novagob<\/h1>\n<h3>Hoy [jueves 29 de septiembre] \u00a0ha comenzado la actividad del Congreso Iberoamericano de Innovaci\u00f3n P\u00fablica, Novagob, que con esta alcanza las tres ediciones consecutivas celebr\u00e1ndose en Tenerife. Este Congreso se sit\u00faa como una referencia internacional en el \u00e1mbito de las nuevas formas de gobierno, la transparencia o la administraci\u00f3n electr\u00f3nica. No obstante, ha conseguido reunir a m\u00e1s de quinientos asistentes, entre ponentes y asistentes.<\/h3>\n<p>La <a href=\"http:\/\/www.ull.es\/\">Universidad de La Laguna<\/a>, con su Fundaci\u00f3n General, \u00a0y la<a href=\"http:\/\/www.novagob.org\/activity\"> Red Social de la Administraci\u00f3n P\u00fablica Novagob<\/a>, con el apoyo del Cabildo Insular de Tenerife, son las organizaciones responsables de la organizaci\u00f3n de este encuentro de encuentro y reflexi\u00f3n.\u00a0La jornada de hoy se iniciaba con una apertura en que tomaron parte los representantes de las principales instituciones p\u00fablicas que, desde su comienzo, han apostado por este encuentro. La anfitriona de este acto inaugural fue\u00a0Mar\u00eda del Carmen Rubio Armend\u00e1riz, vicerrectora de Internacionalizaci\u00f3n de la Universidad de La Laguna. Tambi\u00e9n tomaron parte Carlos Alonso Rodr\u00edguez, presidente del Cabildo Insular de Tenerife; Jos\u00e9 Alberto D\u00edaz Dom\u00ednguez, alcalde del Ayuntamiento de San Crist\u00f3bal La Laguna; Jos\u00e9 Miguel Rodr\u00edguez Fraga, alcalde del Ayuntamiento de la Villa de Adeje; Alejandro Parres Garc\u00eda, director General de Modernizaci\u00f3n y Calidad de los Servicios del Gobierno de Canarias y Francisco Rojas Mart\u00edn, director y cofundador de NovaGob.<br \/>\nTras sus palabras de bienvenida y aliento comenzaban las sesiones de trabajo con mesas como\u00a0<em>La contrataci\u00f3n p\u00fablica electr\u00f3nica en Iberoam\u00e9rica: retos y experiencias<\/em> o\u00a0<em>Integridad y buen gobierno contra la corrupci\u00f3n. Una ventana a los nuevos retos del futuro<\/em>. \u00a0Los temas centrales son liderazgo, excelencia e innovaci\u00f3n en la administraci\u00f3n p\u00fablica iberoamericana para lo que se han dispuesto\u00a0diversas mesas redondas, presentaciones expr\u00e9s, debates cara a cara, presentaciones de libros, trece plenarios, doce sesiones paralelas, una conferencia y diferentes sorpresas. Adem\u00e1s, se abordar\u00e1n debates hilados a trav\u00e9s de los tres ejes principales (Personas, Valores y Tecnolog\u00edas) concretando en tem\u00e1ticas como el talento humano para lograr la excelencia, \u00e9tica p\u00fablica, gobierno abierto, lucha contra la corrupci\u00f3n o transformaci\u00f3n digital para la generaci\u00f3n de valor p\u00fablico. Estas sesiones corren a cargo de los 93 ponentes \u00a0entre los que se encuentran Carles Rami\u00f3, catedr\u00e1tico de Ciencia Pol\u00edtica y de la Administraci\u00f3n en la Universidad Pompeu Fabra, que impartir\u00e1 la conferencia principal, ma\u00f1ana viernes, para analizar el fen\u00f3meno de la corrupci\u00f3n, o Gregorio Montero, secretario general del Centro Latinoamericano de Administraci\u00f3n para el Desarrollo (CLAD) y Mariangel Rebu\u00e1, secretaria general adjunta de la Secretar\u00eda General Iberoamericana (SEGIB). Otras de las figuras destacadas en esta edici\u00f3n son Mar\u00eda Hermosilla, investigadora de TheGovernanceLab en la Universidad de Nueva York que participar\u00e1 en el debate sobre laboratorios de Gobierno y Marc Garriga que aportar\u00e1 su experiencia como asesor en Open Data y Smart City en la sesi\u00f3n sobre transparencia para legitimar las instituciones p\u00fablicas.<br \/>\nHoy la actividad se alargar\u00e1 hasta la noche, ya que a las 20.30 horas tendr\u00e1 lugar la entrega de los premios &#8220;Novagob Excelencia&#8221; que tendr\u00e1n lugar en el\u00a0Antiguo Convento de Santo Domigo.<br \/>\n<a href=\"http:\/\/www.congresonovagob.com\/programa\/\">PROGRAMA #NOVAGOB2016<\/a><\/p>\n","protected":false},"excerpt":{"rendered":"<p>Hoy [jueves 29 de septiembre]  ha comenzado la actividad del Congreso Iberoamericano de Innovaci\u00f3n P\u00fablica, Novagob, que con esta alcanza las tres ediciones consecutivas celebr\u00e1ndose en Tenerife. Este Congreso se sit\u00faa como una referencia internacional en el \u00e1mbito de las nuevas formas de gobierno, la transparencia o la administraci\u00f3n electr\u00f3nica. No obstante, ha conseguido reunir a m\u00e1s de quinientos asistentes, entre ponentes y asistentes. <\/p>\n","protected":false},"author":3,"featured_media":29049,"comment_status":"closed","ping_status":"closed","sticky":false,"template":"","format":"standard","meta":{"footnotes":""},"categories":[8],"tags":[614,821,822,1054,1396],"featured_image_thumbnail_url":"https:\/\/fg.ull.es\/hemeroteca\/wp-content\/uploads\/sites\/14\/2016\/09\/Novagob-Inaug-08-300x205.jpg","_links":{"self":[{"href":"https:\/\/fg.ull.es\/hemeroteca\/wp-json\/wp\/v2\/posts\/29044"}],"collection":[{"href":"https:\/\/fg.ull.es\/hemeroteca\/wp-json\/wp\/v2\/posts"}],"about":[{"href":"https:\/\/fg.ull.es\/hemeroteca\/wp-json\/wp\/v2\/types\/post"}],"author":[{"embeddable":true,"href":"https:\/\/fg.ull.es\/hemeroteca\/wp-json\/wp\/v2\/users\/3"}],"replies":[{"embeddable":true,"href":"https:\/\/fg.ull.es\/hemeroteca\/wp-json\/wp\/v2\/comments?post=29044"}],"version-history":[{"count":0,"href":"https:\/\/fg.ull.es\/hemeroteca\/wp-json\/wp\/v2\/posts\/29044\/revisions"}],"wp:featuredmedia":[{"embeddable":true,"href":"https:\/\/fg.ull.es\/hemeroteca\/wp-json\/wp\/v2\/media\/29049"}],"wp:attachment":[{"href":"https:\/\/fg.ull.es\/hemeroteca\/wp-json\/wp\/v2\/media?parent=29044"}],"wp:term":[{"taxonomy":"category","embeddable":true,"href":"https:\/\/fg.ull.es\/hemeroteca\/wp-json\/wp\/v2\/categories?post=29044"},{"taxonomy":"post_tag","embeddable":true,"href":"https:\/\/fg.ull.es\/hemeroteca\/wp-json\/wp\/v2\/tags?post=29044"}],"curies":[{"name":"wp","href":"https:\/\/api.w.org\/{rel}","templated":true}]}}