{"id":29040,"date":"2016-09-28T14:07:12","date_gmt":"2016-09-28T13:07:12","guid":{"rendered":"http:\/\/www.fg.ull.es\/es\/?p=29040"},"modified":"2016-09-28T14:07:12","modified_gmt":"2016-09-28T13:07:12","slug":"abierta-la-preinscripcion-para-el-experto-universitario-en-gestion-produccion-y-organizacion-de-eventos","status":"publish","type":"post","link":"https:\/\/fg.ull.es\/hemeroteca\/2016\/09\/28\/abierta-la-preinscripcion-para-el-experto-universitario-en-gestion-produccion-y-organizacion-de-eventos\/","title":{"rendered":"Abierta la preinscripci\u00f3n para el Experto Universitario en Gesti\u00f3n, Producci\u00f3n y Organizaci\u00f3n de Eventos"},"content":{"rendered":"<h1><strong>Abierta la preinscripci\u00f3n para el Experto Universitario en Gesti\u00f3n, Producci\u00f3n y Organizaci\u00f3n de Eventos<\/strong><\/h1>\n<h4>Las personas interesadas en cursar este t\u00edtulo propio de la Universidad de La Laguna, tienen de plazo hasta el pr\u00f3ximo 3 de octubre, para formalizar su preinscripci\u00f3n<\/h4>\n<p>Entre la amplia oferta de t\u00edtulos propios de postgrado de la ULL para este curso acad\u00e9mico 2016\/17, se cuenta el Experto Universitario en Gesti\u00f3n, Producci\u00f3n y Organizaci\u00f3n de Eventos. Se trata de una formaci\u00f3n presencial, de 20 cr\u00e9ditos ECTS, que se impartir\u00e1 entre el 24\u00a0de octubre de 2016 y el 24\u00a0de mayo\u00a0de 2017, en horario de e 16.30 a 20.30 horas.<br \/>\nEl coste total de este experto universitario es de 1300 euros. Una vez finalizado el plazo de preinscripci\u00f3n, que concluye el 3 de octubre, se abrir\u00e1 el periodo de matr\u00edcula, hasta el 24 de octubre.<br \/>\n<strong>M\u00e1s informaci\u00f3n<a href=\"http:\/\/fg.ull.es\/grados-posgrados\/estudios\/experto-universitario-en-gestion-produccion-y-organizacion-de-eventos\/\"> AQU\u00cd<\/a><\/strong><\/p>\n","protected":false},"excerpt":{"rendered":"<p>Las personas interesadas en cursar este t\u00edtulo propio de la Universidad de La Laguna, tienen de plazo hasta el pr\u00f3ximo 3 de octubre, para formalizar su preinscripci\u00f3n<\/p>\n","protected":false},"author":37,"featured_media":29041,"comment_status":"closed","ping_status":"closed","sticky":false,"template":"","format":"standard","meta":{"footnotes":""},"categories":[5],"tags":[621,703,1153,1368,1396],"featured_image_thumbnail_url":"https:\/\/fg.ull.es\/hemeroteca\/wp-content\/uploads\/sites\/14\/2016\/09\/ddddddd-214x300.jpg","_links":{"self":[{"href":"https:\/\/fg.ull.es\/hemeroteca\/wp-json\/wp\/v2\/posts\/29040"}],"collection":[{"href":"https:\/\/fg.ull.es\/hemeroteca\/wp-json\/wp\/v2\/posts"}],"about":[{"href":"https:\/\/fg.ull.es\/hemeroteca\/wp-json\/wp\/v2\/types\/post"}],"author":[{"embeddable":true,"href":"https:\/\/fg.ull.es\/hemeroteca\/wp-json\/wp\/v2\/users\/37"}],"replies":[{"embeddable":true,"href":"https:\/\/fg.ull.es\/hemeroteca\/wp-json\/wp\/v2\/comments?post=29040"}],"version-history":[{"count":0,"href":"https:\/\/fg.ull.es\/hemeroteca\/wp-json\/wp\/v2\/posts\/29040\/revisions"}],"wp:featuredmedia":[{"embeddable":true,"href":"https:\/\/fg.ull.es\/hemeroteca\/wp-json\/wp\/v2\/media\/29041"}],"wp:attachment":[{"href":"https:\/\/fg.ull.es\/hemeroteca\/wp-json\/wp\/v2\/media?parent=29040"}],"wp:term":[{"taxonomy":"category","embeddable":true,"href":"https:\/\/fg.ull.es\/hemeroteca\/wp-json\/wp\/v2\/categories?post=29040"},{"taxonomy":"post_tag","embeddable":true,"href":"https:\/\/fg.ull.es\/hemeroteca\/wp-json\/wp\/v2\/tags?post=29040"}],"curies":[{"name":"wp","href":"https:\/\/api.w.org\/{rel}","templated":true}]}}