{"id":27549,"date":"2016-07-27T11:28:30","date_gmt":"2016-07-27T10:28:30","guid":{"rendered":"http:\/\/www.fg.ull.es\/es\/?p=27549"},"modified":"2016-07-27T11:28:30","modified_gmt":"2016-07-27T10:28:30","slug":"abierta-la-inscripcion-para-el-curso-preparatorio-a-las-matematicas-universitarias","status":"publish","type":"post","link":"https:\/\/fg.ull.es\/hemeroteca\/2016\/07\/27\/abierta-la-inscripcion-para-el-curso-preparatorio-a-las-matematicas-universitarias\/","title":{"rendered":"Abierta la inscripci\u00f3n para el \u201cCurso preparatorio a las Matem\u00e1ticas Universitarias\u201d"},"content":{"rendered":"<h1>Abierta la inscripci\u00f3n para el \u201cCurso preparatorio a las Matem\u00e1ticas Universitarias\u201d<\/h1>\n<h4><strong>La formaci\u00f3n, dirigida especialmente a \u00a0las personas <\/strong><strong>que comiencen sus estudios universitarios en el pr\u00f3ximo curso<\/strong><strong>, arrancar\u00e1 el pr\u00f3ximo 1 de septiembre. El plazo de inscripci\u00f3n se mantendr\u00e1 abierto hasta el 30 de agosto. <\/strong><\/h4>\n<p>El curso se impartir\u00e1 a partir del 1 de septiembre, y hasta el d\u00eda 17 del mismo mes, \u00a0en la Secci\u00f3n de Matem\u00e1ticas de la Facultad de Ciencias de la ULL, en horario de 9 a 14 horas.<br \/>\nSe trata de un curso presencial que busca dar una imagen de la preparaci\u00f3n necesaria para el inicio del grado e introducir al alumnado en las din\u00e1micas de trabajo exigidas en la universidad, proporcionando material did\u00e1ctico que ayude al inicio de sus estudios.<br \/>\nEl \u201cCurso preparatorio a las Matem\u00e1ticas Universitarias\u201d lo compondr\u00e1n un total de 30 horas lectivas, repartidas entre seis m\u00f3dulos: \u201cn\u00fameros y operaciones\u201d, \u201cestad\u00edstica descriptiva\u201d, \u201ctrigonometr\u00eda\u201d, \u201cfunciones elementales\u201d, \u201cgeometr\u00eda\u201d y \u201cmodelizaci\u00f3n b\u00e1sica\u201d.<br \/>\nEl coste total de la formaci\u00f3n es de 15 euros y las personas interesadas ya pueden formalizar su inscripci\u00f3n a trav\u00e9s de la <a href=\"https:\/\/sede.fg.ull.es\/es\/curso\/detalle\/a16030259\/curso-preparatorio-a-las-matematicas-universitarias\">sede electr\u00f3nica<\/a> de la Fundaci\u00f3n General de la Universidad de La Laguna, hasta el pr\u00f3ximo 30 de agosto.<br \/>\n&nbsp;<br \/>\nInscripci\u00f3n <a href=\"https:\/\/sede.fg.ull.es\/es\/curso\/detalle\/a16030259\/curso-preparatorio-a-las-matematicas-universitarias\">AQU\u00cd<\/a><\/p>\n","protected":false},"excerpt":{"rendered":"<p>La formaci\u00f3n, dirigida especialmente a  las personas que comiencen sus estudios universitarios en el pr\u00f3ximo curso, arrancar\u00e1 el pr\u00f3ximo 1 de septiembre. El plazo de inscripci\u00f3n se mantendr\u00e1 abierto hasta el 30 de agosto.<\/p>\n","protected":false},"author":37,"featured_media":27551,"comment_status":"closed","ping_status":"closed","sticky":false,"template":"","format":"standard","meta":{"footnotes":""},"categories":[5],"tags":[],"featured_image_thumbnail_url":"https:\/\/fg.ull.es\/hemeroteca\/wp-content\/uploads\/sites\/14\/2016\/07\/CartelA3-212x300.jpg","_links":{"self":[{"href":"https:\/\/fg.ull.es\/hemeroteca\/wp-json\/wp\/v2\/posts\/27549"}],"collection":[{"href":"https:\/\/fg.ull.es\/hemeroteca\/wp-json\/wp\/v2\/posts"}],"about":[{"href":"https:\/\/fg.ull.es\/hemeroteca\/wp-json\/wp\/v2\/types\/post"}],"author":[{"embeddable":true,"href":"https:\/\/fg.ull.es\/hemeroteca\/wp-json\/wp\/v2\/users\/37"}],"replies":[{"embeddable":true,"href":"https:\/\/fg.ull.es\/hemeroteca\/wp-json\/wp\/v2\/comments?post=27549"}],"version-history":[{"count":0,"href":"https:\/\/fg.ull.es\/hemeroteca\/wp-json\/wp\/v2\/posts\/27549\/revisions"}],"wp:featuredmedia":[{"embeddable":true,"href":"https:\/\/fg.ull.es\/hemeroteca\/wp-json\/wp\/v2\/media\/27551"}],"wp:attachment":[{"href":"https:\/\/fg.ull.es\/hemeroteca\/wp-json\/wp\/v2\/media?parent=27549"}],"wp:term":[{"taxonomy":"category","embeddable":true,"href":"https:\/\/fg.ull.es\/hemeroteca\/wp-json\/wp\/v2\/categories?post=27549"},{"taxonomy":"post_tag","embeddable":true,"href":"https:\/\/fg.ull.es\/hemeroteca\/wp-json\/wp\/v2\/tags?post=27549"}],"curies":[{"name":"wp","href":"https:\/\/api.w.org\/{rel}","templated":true}]}}