{"id":27414,"date":"2016-07-19T11:35:07","date_gmt":"2016-07-19T10:35:07","guid":{"rendered":"http:\/\/www.fg.ull.es\/es\/?p=27414"},"modified":"2016-07-19T11:35:07","modified_gmt":"2016-07-19T10:35:07","slug":"appcircus-pondra-a-prueba-a-las-startups-canarias-este-jueves","status":"publish","type":"post","link":"https:\/\/fg.ull.es\/hemeroteca\/2016\/07\/19\/appcircus-pondra-a-prueba-a-las-startups-canarias-este-jueves\/","title":{"rendered":"Appcircus pondr\u00e1 a prueba a las startups canarias este jueves"},"content":{"rendered":"<h1><strong>Appcircus pondr\u00e1 a prueba a las startups canarias este jueves<\/strong><\/h1>\n<h4>El Aguere Espacio Cultural acoger\u00e1, el pr\u00f3ximo jueves 21 de julio, la final de este certamen que busca aportar visibilidad a las\u00a0tendencias del sector m\u00f3vil<\/h4>\n<p>Diez startups, seleccionadas previamente por un plantel de jueces expertos, competir\u00e1n el pr\u00f3ximo jueves para hacerse con el primer premio de Appcircus Canarias. La ganadora obtendr\u00e1 una plaza para participar en los Mobile Premier Awards 2017 y un premio de 1.000 euros, por parte de la Fundaci\u00f3n DISA.<br \/>\nEl encuentro, que tiene el objetivo de dar visibilidad a los participantes en el plano nacional e internacional y\u00a0 dar a conocer las \u00faltimas tendencias del sector m\u00f3vil en las isla, se desarrollar\u00e1 en el Aguere Espacio Cultural a partir de las 18 horas.<br \/>\nAppcircus Canarias cuenta con la colaboraci\u00f3n de la Fundaci\u00f3n DISA, la Fundaci\u00f3n General de la Universidad de La Laguna, la Concejal\u00eda de Econom\u00eda, Empresa y Empleo de La Laguna, Application Developers Alliance, Aguere Cultural, APD, Canaryfly, Heineken, Fuente Alta y Cabify.<br \/>\nM\u00e1s informaci\u00f3n\u00a0<a href=\"http:\/\/appcircus.com\/event\/ac-canarias\"><strong>AQU\u00cd<\/strong><\/a><br \/>\n&nbsp;<\/p>\n","protected":false},"excerpt":{"rendered":"<p>El Aguere Espacio Cultural acoger\u00e1, el pr\u00f3ximo jueves 21 de julio, la final de este certamen que busca aportar visibilidad a las tendencias del sector m\u00f3vil<\/p>\n","protected":false},"author":37,"featured_media":27415,"comment_status":"closed","ping_status":"closed","sticky":false,"template":"","format":"standard","meta":{"footnotes":""},"categories":[8],"tags":[97,168,169,283],"featured_image_thumbnail_url":"https:\/\/fg.ull.es\/hemeroteca\/wp-content\/uploads\/sites\/14\/2016\/07\/5742c579-e53c-4779-893e-6c52adecc27b-300x111.jpg","_links":{"self":[{"href":"https:\/\/fg.ull.es\/hemeroteca\/wp-json\/wp\/v2\/posts\/27414"}],"collection":[{"href":"https:\/\/fg.ull.es\/hemeroteca\/wp-json\/wp\/v2\/posts"}],"about":[{"href":"https:\/\/fg.ull.es\/hemeroteca\/wp-json\/wp\/v2\/types\/post"}],"author":[{"embeddable":true,"href":"https:\/\/fg.ull.es\/hemeroteca\/wp-json\/wp\/v2\/users\/37"}],"replies":[{"embeddable":true,"href":"https:\/\/fg.ull.es\/hemeroteca\/wp-json\/wp\/v2\/comments?post=27414"}],"version-history":[{"count":0,"href":"https:\/\/fg.ull.es\/hemeroteca\/wp-json\/wp\/v2\/posts\/27414\/revisions"}],"wp:featuredmedia":[{"embeddable":true,"href":"https:\/\/fg.ull.es\/hemeroteca\/wp-json\/wp\/v2\/media\/27415"}],"wp:attachment":[{"href":"https:\/\/fg.ull.es\/hemeroteca\/wp-json\/wp\/v2\/media?parent=27414"}],"wp:term":[{"taxonomy":"category","embeddable":true,"href":"https:\/\/fg.ull.es\/hemeroteca\/wp-json\/wp\/v2\/categories?post=27414"},{"taxonomy":"post_tag","embeddable":true,"href":"https:\/\/fg.ull.es\/hemeroteca\/wp-json\/wp\/v2\/tags?post=27414"}],"curies":[{"name":"wp","href":"https:\/\/api.w.org\/{rel}","templated":true}]}}