{"id":27400,"date":"2016-07-19T10:42:33","date_gmt":"2016-07-19T09:42:33","guid":{"rendered":"http:\/\/www.fg.ull.es\/es\/?p=27400"},"modified":"2016-07-19T10:42:33","modified_gmt":"2016-07-19T09:42:33","slug":"la-palma-acoge-hoy-su-iii-foro-de-presentacion-de-proyectos","status":"publish","type":"post","link":"https:\/\/fg.ull.es\/hemeroteca\/2016\/07\/19\/la-palma-acoge-hoy-su-iii-foro-de-presentacion-de-proyectos\/","title":{"rendered":"La Palma acoge hoy su III Foro de Presentaci\u00f3n de Proyectos"},"content":{"rendered":"<h1>La Palma acoge hoy su III Foro de Presentaci\u00f3n de Proyectos<\/h1>\n<h4><strong>Las personas participantes en el proyecto <em>Emprende.LaPalma<\/em>, exponen hoy sus modelos de negocio en la Casa Salazar de Santa Cruz, en un encuentro que se desarrollar\u00e1 hasta 14:00 horas<\/strong><\/h4>\n<p>Un total de doce proyectos, y dos menciones, de tem\u00e1ticas tan diversas como la fotograf\u00eda, educaci\u00f3n ambiental, el dise\u00f1o en madera o los productos ecol\u00f3gicos, exponen sus modelos de negocio ante p\u00fablico y jurado en La Palma.<br \/>\nEl encuentro, que iniciaba su actividad a las 9 horas, marca el final de la formaci\u00f3n gratuita\u201cPrep\u00e1rate para Emprender\u201d en La Palma, un proyecto enmarcado en la Escuela de Emprendedores de La Palma, que cuenta con el apoyo y la colaboraci\u00f3n de la Universidad de La Laguna y de su Fundaci\u00f3n General, a trav\u00e9s de <em>Emprende.ull<\/em>.<br \/>\nM\u00e1s informaci\u00f3n <a href=\"http:\/\/www.lapalmaemprende.es\/wp-content\/uploads\/pdf\/Programa-terceraEd-lapalmaemprende.pdf\">AQU\u00cd<\/a><\/p>\n","protected":false},"excerpt":{"rendered":"<p>Las personas participantes en el proyecto Emprende.LaPalma, exponen hoy sus modelos de negocio en la Casa Salazar de Santa Cruz, en un encuentro que se desarrollar\u00e1 hasta 14:00 horas<\/p>\n","protected":false},"author":37,"featured_media":27403,"comment_status":"closed","ping_status":"closed","sticky":false,"template":"","format":"standard","meta":{"footnotes":""},"categories":[3],"tags":[97,798,921,1143],"featured_image_thumbnail_url":"https:\/\/fg.ull.es\/hemeroteca\/wp-content\/uploads\/sites\/14\/2016\/07\/d1-300x300.jpg","_links":{"self":[{"href":"https:\/\/fg.ull.es\/hemeroteca\/wp-json\/wp\/v2\/posts\/27400"}],"collection":[{"href":"https:\/\/fg.ull.es\/hemeroteca\/wp-json\/wp\/v2\/posts"}],"about":[{"href":"https:\/\/fg.ull.es\/hemeroteca\/wp-json\/wp\/v2\/types\/post"}],"author":[{"embeddable":true,"href":"https:\/\/fg.ull.es\/hemeroteca\/wp-json\/wp\/v2\/users\/37"}],"replies":[{"embeddable":true,"href":"https:\/\/fg.ull.es\/hemeroteca\/wp-json\/wp\/v2\/comments?post=27400"}],"version-history":[{"count":0,"href":"https:\/\/fg.ull.es\/hemeroteca\/wp-json\/wp\/v2\/posts\/27400\/revisions"}],"wp:featuredmedia":[{"embeddable":true,"href":"https:\/\/fg.ull.es\/hemeroteca\/wp-json\/wp\/v2\/media\/27403"}],"wp:attachment":[{"href":"https:\/\/fg.ull.es\/hemeroteca\/wp-json\/wp\/v2\/media?parent=27400"}],"wp:term":[{"taxonomy":"category","embeddable":true,"href":"https:\/\/fg.ull.es\/hemeroteca\/wp-json\/wp\/v2\/categories?post=27400"},{"taxonomy":"post_tag","embeddable":true,"href":"https:\/\/fg.ull.es\/hemeroteca\/wp-json\/wp\/v2\/tags?post=27400"}],"curies":[{"name":"wp","href":"https:\/\/api.w.org\/{rel}","templated":true}]}}