{"id":27392,"date":"2016-07-19T10:18:19","date_gmt":"2016-07-19T09:18:19","guid":{"rendered":"http:\/\/www.fg.ull.es\/es\/?p=27392"},"modified":"2016-07-19T10:18:19","modified_gmt":"2016-07-19T09:18:19","slug":"hoy-se-celebra-la-jornada-aprender-a-emprender-en-la-nueva-economia","status":"publish","type":"post","link":"https:\/\/fg.ull.es\/hemeroteca\/2016\/07\/19\/hoy-se-celebra-la-jornada-aprender-a-emprender-en-la-nueva-economia\/","title":{"rendered":"Hoy se celebra la jornada \u201cAprender a Emprender en la nueva econom\u00eda\u201d"},"content":{"rendered":"<h1><strong>Hoy se celebra la jornada \u201cAprender a Emprender en la nueva econom\u00eda\u201d<\/strong><\/h1>\n<h4>El Espacio Cultural CajaCanarias de Santa Cruz de Tenerife acoger\u00e1 hoy esta sesi\u00f3n sobre emprendimiento, desde las 13:30 a las 19:30 horas. Las personas interesadas todav\u00eda pueden realizar sus inscripciones de forma gratuita.<\/h4>\n<p>Esta tarde, 20 de julio, tendr\u00e1 lugar la jornada \u201cAprender a Emprender en la nueva econom\u00eda\u201d, impulsada por el \u00a0<a href=\"http:\/\/foroe.es\/\"><strong>Foro Nueva Econom\u00eda, Nueva Empresa<\/strong><\/a>. El encuentro versar\u00e1 sobre el emprendimiento en la actualidad y contar\u00e1 con las conferencias de \u00a0<a href=\"http:\/\/foroe.es\/jornada-aprender-a-emprender-en-la-nueva-economia\/\"><strong>Antonella Broglia<\/strong><\/a> y\u00a0 <a href=\"http:\/\/foroe.es\/jornada-aprender-a-emprender-en-la-nueva-economia\/\"><strong>Jes\u00fas Cand\u00f3n<\/strong><\/a>, dos profesionales de este campo con una amplia trayectoria en el plano laboral.<br \/>\nBroglia, la Senior Ambassador de la plataforma TEDx y Ambassador de Ashoka Espa\u00f1a, hablar\u00e1 sobre las \u201coportunidades para emprender en la nueva econom\u00eda\u201d, mientras que el Business Developer en LeanMonitor y Gust y fundador de los grupos Lean Startup Circle Costa del Sol y Green Startup, Cand\u00f3n, har\u00e1 lo propio sobre las \u201cclaves para dise\u00f1ar un buen modelo de negocio\u201d.<br \/>\nLas personas interesadas todav\u00eda pueden inscribirse, de forma gratuita, para este encuentro que comenzar\u00e1 a las 13:30 horas, en el Espacio Cultural CajaCanarias.<br \/>\n<strong>Inscripci\u00f3n<a href=\"http:\/\/www.fyde-cajacanarias.es\/saec\/inscripcion\/opcion.php?curso=1414\">\u00a0AQU\u00cd<\/a><\/strong><\/p>\n","protected":false},"excerpt":{"rendered":"<p>El Espacio Cultural CajaCanarias de Santa Cruz de Tenerife acoger\u00e1 hoy esta sesi\u00f3n sobre emprendimiento, desde las 13:30 a las 19:30 horas. Las personas interesadas todav\u00eda pueden realizar sus inscripciones de forma gratuita.<\/p>\n","protected":false},"author":37,"featured_media":27393,"comment_status":"closed","ping_status":"closed","sticky":false,"template":"","format":"standard","meta":{"footnotes":""},"categories":[8],"tags":[53,162,590,681,880,1057],"featured_image_thumbnail_url":"https:\/\/fg.ull.es\/hemeroteca\/wp-content\/uploads\/sites\/14\/2016\/07\/a188b974-8658-4403-bb62-14ed9bf6a68a-727x4091-1-300x169.png","_links":{"self":[{"href":"https:\/\/fg.ull.es\/hemeroteca\/wp-json\/wp\/v2\/posts\/27392"}],"collection":[{"href":"https:\/\/fg.ull.es\/hemeroteca\/wp-json\/wp\/v2\/posts"}],"about":[{"href":"https:\/\/fg.ull.es\/hemeroteca\/wp-json\/wp\/v2\/types\/post"}],"author":[{"embeddable":true,"href":"https:\/\/fg.ull.es\/hemeroteca\/wp-json\/wp\/v2\/users\/37"}],"replies":[{"embeddable":true,"href":"https:\/\/fg.ull.es\/hemeroteca\/wp-json\/wp\/v2\/comments?post=27392"}],"version-history":[{"count":0,"href":"https:\/\/fg.ull.es\/hemeroteca\/wp-json\/wp\/v2\/posts\/27392\/revisions"}],"wp:featuredmedia":[{"embeddable":true,"href":"https:\/\/fg.ull.es\/hemeroteca\/wp-json\/wp\/v2\/media\/27393"}],"wp:attachment":[{"href":"https:\/\/fg.ull.es\/hemeroteca\/wp-json\/wp\/v2\/media?parent=27392"}],"wp:term":[{"taxonomy":"category","embeddable":true,"href":"https:\/\/fg.ull.es\/hemeroteca\/wp-json\/wp\/v2\/categories?post=27392"},{"taxonomy":"post_tag","embeddable":true,"href":"https:\/\/fg.ull.es\/hemeroteca\/wp-json\/wp\/v2\/tags?post=27392"}],"curies":[{"name":"wp","href":"https:\/\/api.w.org\/{rel}","templated":true}]}}