{"id":27355,"date":"2016-07-18T12:11:34","date_gmt":"2016-07-18T11:11:34","guid":{"rendered":"http:\/\/www.fg.ull.es\/es\/?p=27355"},"modified":"2016-07-18T12:11:34","modified_gmt":"2016-07-18T11:11:34","slug":"preparate-para-emprender-en-la-palma-celebra-manana-su-iii-foro-de-presentacion-de-proyectos-empresariales","status":"publish","type":"post","link":"https:\/\/fg.ull.es\/hemeroteca\/2016\/07\/18\/preparate-para-emprender-en-la-palma-celebra-manana-su-iii-foro-de-presentacion-de-proyectos-empresariales\/","title":{"rendered":"\u201cPrep\u00e1rate para Emprender\u201d en La Palma celebra ma\u00f1ana su III Foro de Presentaci\u00f3n de Proyectos Empresariales"},"content":{"rendered":"<h1><strong>\u201cPrep\u00e1rate para Emprender\u201d en La Palma celebra ma\u00f1ana su III Foro de Presentaci\u00f3n de Proyectos Empresariales<\/strong><\/h1>\n<h4>El encuentro, destinado a la exposici\u00f3n de las ideas de negocio impulsadas por Emprende.LaPalma, se desarrollar\u00e1 en la Casa Salazar de Santa Cruz de La Palma, en horario de 9:00 a 14:00 horas.<\/h4>\n<p>El programa del acto comenzar\u00e1 con la inauguraci\u00f3n a las 9 horas, que contar\u00e1 con la presencia de distintas autoridades: el presidente del Cabildo Insular de La Palma, Anselmo Francisco Pestana Padr\u00f3n; el consejero de Promoci\u00f3n Econ\u00f3mica, Comercio y Empleo del Cabildo Insular de La Palma, Jordi P\u00e9rez Camacho; el presidente de ADER-La Palma, Luis Vicente Mart\u00edn de Paz y el vicerrector de Relaciones con la Sociedad de la ULL, Francisco Javier Garc\u00eda Rodr\u00edguez.<br \/>\nA partir de las 9:30 horas arrancar\u00e1 el primer bloque de proyectos, encabezado por \u201cBiosfera Escuela\u201d de Jonathan C\u00e1ceres y Adri\u00e1n S\u00e1nchez, una iniciativa enfocada a la educaci\u00f3n ambiental y venta de kits de cultivo ecol\u00f3gico. Seguir\u00e1 Vanessa Arrocha, con su idea de servicios de fotograf\u00eda y edici\u00f3n fotogr\u00e1fica para beb\u00e9s, ni\u00f1os y familias.<br \/>\n\u201cConexi\u00f3n C\u201d, de Mikal Rodr\u00edguez y Ana Mart\u00edn Jim\u00e9nez, centrado en la consultor\u00eda cultural y la comunicaci\u00f3n expondr\u00e1 en tercer lugar, para dar paso a \u201cCuadrado Carpinter\u00eda\u201d, de Miguel S\u00e1nchez y Ofelia P\u00e9rez, empresa destinada al dise\u00f1o y la ejecuci\u00f3n de trabajos con madera. Posteriormente ser\u00e1 el turno de Barlovento Tour, una idea de Gustavo Nonato de rutas tur\u00edsticas para el municipio y cerrar\u00e1 el bloque Arianna Acosta con Isla de Emociones, un proyecto sobre servicios integrales de intervenci\u00f3n, mediaci\u00f3n familiar y asesoramiento psicoeducativo.<br \/>\nTras el descanso, Abigail White dar\u00e1 el pistoletazo de salida al segundo bloque con su academia de ingl\u00e9s \u201cIdiomas White\u201d, para pasar el testigo a Carolina S\u00e1nchez, que presentar\u00e1 \u201cSabores de Garaf\u00eda\u201d, iniciativa dedicada a la producci\u00f3n y comercializaci\u00f3n de productos ecol\u00f3gicos.<br \/>\nM\u00e1s tarde ser\u00e1 el turno de Raquel Concepci\u00f3n con una iniciativa, que lleva su mismo nombre, y opera en el sector de la fotograf\u00eda y de Mar\u00eda Isabel P\u00e9rez, con \u201cADMA\u201d, que se ocupar\u00e1 de los\u00a0 servicios sociosanitarios.<br \/>\nCerrar\u00e1n la presentaci\u00f3n \u201cEcofinca Terra\u201d de Nuria Albet, sobre alojamientos tur\u00edsticos sostenibles y Roberto Vicente Nazco con \u201cMediarrok Productions\u201d, enmarcada en el sector de los servicios audiovisuales.<br \/>\nAdem\u00e1s, habr\u00e1 una menci\u00f3n especial para \u201cVertionline,\u201d de Jos\u00e9 Flores y \u201cValhalla\u201d de Esteban Brito y el miembro del Tr\u00edo Zapatista, Ram\u00f3n Ara\u00fajo, amenizar\u00e1 la jornada con el mon\u00f3logo \u201cC\u00f3mo aquellar una empresa\u201d. A las 13:30 horas se proceder\u00e1 a la entrega de premios y a la clausura del encuentro.<br \/>\nEmprende.LaPalma, proyecto enmarcado en la Escuela de Emprendedores de La Palma, que cuenta con el apoyo y la colaboraci\u00f3n de la Universidad de La Laguna, con su Fundaci\u00f3n General, a trav\u00e9s de Emprende.ull.<br \/>\nLa cita ser\u00e1 ma\u00f1ana, 19 de julio, en la Casa Salazar de Santa Cruz de La Palma, desde las 9 a 14 horas. Las personas interesadas en asistir deber\u00e1n inscribirse, de manera gratuita, a trav\u00e9s de este formulario.<br \/>\nM\u00e1s informaci\u00f3n <a href=\"http:\/\/www.lapalmaemprende.es\/wp-content\/uploads\/pdf\/Programa-terceraEd-lapalmaemprende.pdf\">AQU\u00cd<\/a><\/p>\n","protected":false},"excerpt":{"rendered":"<p>El encuentro, destinado a la exposici\u00f3n de las ideas de negocio impulsadas por Emprende.LaPalma, se desarrollar\u00e1 en la Casa Salazar de Santa Cruz de La Palma, en horario de 9:00 a 14:00 horas.<\/p>\n","protected":false},"author":37,"featured_media":27357,"comment_status":"closed","ping_status":"closed","sticky":false,"template":"","format":"standard","meta":{"footnotes":""},"categories":[3],"tags":[97,798,921,1143],"featured_image_thumbnail_url":"https:\/\/fg.ull.es\/hemeroteca\/wp-content\/uploads\/sites\/14\/2016\/07\/141-226x300.jpg","_links":{"self":[{"href":"https:\/\/fg.ull.es\/hemeroteca\/wp-json\/wp\/v2\/posts\/27355"}],"collection":[{"href":"https:\/\/fg.ull.es\/hemeroteca\/wp-json\/wp\/v2\/posts"}],"about":[{"href":"https:\/\/fg.ull.es\/hemeroteca\/wp-json\/wp\/v2\/types\/post"}],"author":[{"embeddable":true,"href":"https:\/\/fg.ull.es\/hemeroteca\/wp-json\/wp\/v2\/users\/37"}],"replies":[{"embeddable":true,"href":"https:\/\/fg.ull.es\/hemeroteca\/wp-json\/wp\/v2\/comments?post=27355"}],"version-history":[{"count":0,"href":"https:\/\/fg.ull.es\/hemeroteca\/wp-json\/wp\/v2\/posts\/27355\/revisions"}],"wp:featuredmedia":[{"embeddable":true,"href":"https:\/\/fg.ull.es\/hemeroteca\/wp-json\/wp\/v2\/media\/27357"}],"wp:attachment":[{"href":"https:\/\/fg.ull.es\/hemeroteca\/wp-json\/wp\/v2\/media?parent=27355"}],"wp:term":[{"taxonomy":"category","embeddable":true,"href":"https:\/\/fg.ull.es\/hemeroteca\/wp-json\/wp\/v2\/categories?post=27355"},{"taxonomy":"post_tag","embeddable":true,"href":"https:\/\/fg.ull.es\/hemeroteca\/wp-json\/wp\/v2\/tags?post=27355"}],"curies":[{"name":"wp","href":"https:\/\/api.w.org\/{rel}","templated":true}]}}