{"id":27353,"date":"2016-07-18T11:25:07","date_gmt":"2016-07-18T10:25:07","guid":{"rendered":"http:\/\/www.fg.ull.es\/es\/?p=27353"},"modified":"2016-07-18T11:25:07","modified_gmt":"2016-07-18T10:25:07","slug":"la-universidad-de-verano-de-la-gomera-arranca-el-proximo-lunes","status":"publish","type":"post","link":"https:\/\/fg.ull.es\/hemeroteca\/2016\/07\/18\/la-universidad-de-verano-de-la-gomera-arranca-el-proximo-lunes\/","title":{"rendered":"La Universidad de Verano de La Gomera arranca el pr\u00f3ximo lunes"},"content":{"rendered":"<h1>La Universidad de Verano de La Gomera arranca el pr\u00f3ximo lunes<\/h1>\n<h3>\u201cHacia una plena igualdad entre hombres y mujeres\u201d, el\u00a0primer curso de extensi\u00f3n universitaria que inaugurar\u00e1, el 25 de julio, esta iniciativa conjunta del Cabildo Insular de La Gomera y la Universidad de La Laguna<\/h3>\n<p>El curso sobre igualdad de g\u00e9nero, \u201cHacia una plena igualdad entre hombres y mujeres\u201d, maracar\u00e1 el inicio de la actividad de la Universidad de Verano de La Gomera, el pr\u00f3ximo lunes 25 de julio.<br \/>\nEl objetivo de esta formaci\u00f3n gratuita de extensi\u00f3n universitaria es dotar a las personas asistentes de los conocimientos clave sobre las pol\u00edticas de igualdad, aspecto que se conseguir\u00e1 a trav\u00e9s de los seis m\u00f3dulos que conforman el curso: sexo, g\u00e9nero e igualdad, la legislaci\u00f3n igualitaria en el ordenamiento jur\u00eddico espa\u00f1ol, igualdad y derecho penal: la legislaci\u00f3n en materia de violencia de g\u00e9nero, igualdad y familia: aspectos civiles de la regulaci\u00f3n espa\u00f1ola, \u00a0igualdad y multiculturalidad\u00a0e igualdad en el mundo: la igualdad desde una perspectiva global<br \/>\n\u201cHacia una plena igualdad entre hombres y mujeres\u201d se impartir\u00e1 en la Sala de Juntas del Cabildo Insular de La Gomera, el lunes 25 de julio, en horario de 15 a 21 horas y el martes 26 de julio, desde las 16 hasta las 19 horas.<br \/>\nLas personas interesadas en asistir todav\u00eda pueden formalizar su inscripci\u00f3n, de forma gratuita, a trav\u00e9s de la <a href=\"https:\/\/sede.fg.ull.es\/es\/curso\/detalle\/a16020061\/hacia-una-plena-igualdad-entre-hombres-y-mujeres\">sede electr\u00f3nica<\/a> de la Fundaci\u00f3n General de la ULL.<\/p>\n<h3><strong>Inscripci\u00f3n <a href=\"https:\/\/sede.fg.ull.es\/es\/curso\/detalle\/a16020061\/hacia-una-plena-igualdad-entre-hombres-y-mujeres\">AQU\u00cd<\/a><\/strong><\/h3>\n<p>&nbsp;<\/p>\n","protected":false},"excerpt":{"rendered":"<p>\u201cHacia una plena igualdad entre hombres y mujeres\u201d, el primer curso de extensi\u00f3n universitaria que inaugurar\u00e1, el 25 de julio, esta iniciativa conjunta del Cabildo Insular de La Gomera y la Universidad de La Laguna<\/p>\n","protected":false},"author":37,"featured_media":27172,"comment_status":"closed","ping_status":"closed","sticky":false,"template":"","format":"standard","meta":{"footnotes":""},"categories":[5],"tags":[97,703,1396,1430],"featured_image_thumbnail_url":"https:\/\/fg.ull.es\/hemeroteca\/wp-content\/uploads\/sites\/14\/2016\/07\/pantalla_1280x720px_V2-300x169.jpg","_links":{"self":[{"href":"https:\/\/fg.ull.es\/hemeroteca\/wp-json\/wp\/v2\/posts\/27353"}],"collection":[{"href":"https:\/\/fg.ull.es\/hemeroteca\/wp-json\/wp\/v2\/posts"}],"about":[{"href":"https:\/\/fg.ull.es\/hemeroteca\/wp-json\/wp\/v2\/types\/post"}],"author":[{"embeddable":true,"href":"https:\/\/fg.ull.es\/hemeroteca\/wp-json\/wp\/v2\/users\/37"}],"replies":[{"embeddable":true,"href":"https:\/\/fg.ull.es\/hemeroteca\/wp-json\/wp\/v2\/comments?post=27353"}],"version-history":[{"count":0,"href":"https:\/\/fg.ull.es\/hemeroteca\/wp-json\/wp\/v2\/posts\/27353\/revisions"}],"wp:featuredmedia":[{"embeddable":true,"href":"https:\/\/fg.ull.es\/hemeroteca\/wp-json\/wp\/v2\/media\/27172"}],"wp:attachment":[{"href":"https:\/\/fg.ull.es\/hemeroteca\/wp-json\/wp\/v2\/media?parent=27353"}],"wp:term":[{"taxonomy":"category","embeddable":true,"href":"https:\/\/fg.ull.es\/hemeroteca\/wp-json\/wp\/v2\/categories?post=27353"},{"taxonomy":"post_tag","embeddable":true,"href":"https:\/\/fg.ull.es\/hemeroteca\/wp-json\/wp\/v2\/tags?post=27353"}],"curies":[{"name":"wp","href":"https:\/\/api.w.org\/{rel}","templated":true}]}}