{"id":27346,"date":"2016-07-18T08:35:17","date_gmt":"2016-07-18T07:35:17","guid":{"rendered":"http:\/\/www.fg.ull.es\/es\/?p=27346"},"modified":"2016-07-18T08:35:17","modified_gmt":"2016-07-18T07:35:17","slug":"oferta-formativa-con-comienzo-en-la-semana-del-25-de-julio","status":"publish","type":"post","link":"https:\/\/fg.ull.es\/hemeroteca\/2016\/07\/18\/oferta-formativa-con-comienzo-en-la-semana-del-25-de-julio\/","title":{"rendered":"Oferta formativa con comienzo en la semana del 25 de julio"},"content":{"rendered":"<h1>Oferta formativa con comienzo en la semana del 25\u00a0de\u00a0julio<\/h1>\n<h4>Presentamos los cursos con comienzo en la semana del 25\u00a0de julio. La inscripci\u00f3n est\u00e1 ya disponible en nuestra sede electr\u00f3nica.<\/h4>\n<p><span style=\"color: #333333\">Para acceder a m\u00e1s informaci\u00f3n y matr\u00edcula, pueden hacer clic sobre el t\u00edtulo de cada curso en<\/span> <span style=\"color: #005689\"><strong><span style=\"text-decoration: underline\"><a href=\"http:\/\/www.fg.ull.es\/wp-content\/uploads\/2016\/07\/cartel_semana_25_julio.pdf\">este cartel<\/a><\/span><\/strong><\/span><span style=\"color: #333399\"><strong>.<\/strong><\/span><\/p>\n","protected":false},"excerpt":{"rendered":"<p>Presentamos los cursos con comienzo en la semana del 25 de julio. La inscripci\u00f3n est\u00e1 ya disponible en nuestra sede electr\u00f3nica.<\/p>\n","protected":false},"author":4,"featured_media":27347,"comment_status":"closed","ping_status":"closed","sticky":false,"template":"","format":"standard","meta":{"footnotes":""},"categories":[5],"tags":[425,672,1353,1424],"featured_image_thumbnail_url":"https:\/\/fg.ull.es\/hemeroteca\/wp-content\/uploads\/sites\/14\/2016\/07\/banner_cursos_semana_25_julio-300x161.jpg","_links":{"self":[{"href":"https:\/\/fg.ull.es\/hemeroteca\/wp-json\/wp\/v2\/posts\/27346"}],"collection":[{"href":"https:\/\/fg.ull.es\/hemeroteca\/wp-json\/wp\/v2\/posts"}],"about":[{"href":"https:\/\/fg.ull.es\/hemeroteca\/wp-json\/wp\/v2\/types\/post"}],"author":[{"embeddable":true,"href":"https:\/\/fg.ull.es\/hemeroteca\/wp-json\/wp\/v2\/users\/4"}],"replies":[{"embeddable":true,"href":"https:\/\/fg.ull.es\/hemeroteca\/wp-json\/wp\/v2\/comments?post=27346"}],"version-history":[{"count":0,"href":"https:\/\/fg.ull.es\/hemeroteca\/wp-json\/wp\/v2\/posts\/27346\/revisions"}],"wp:featuredmedia":[{"embeddable":true,"href":"https:\/\/fg.ull.es\/hemeroteca\/wp-json\/wp\/v2\/media\/27347"}],"wp:attachment":[{"href":"https:\/\/fg.ull.es\/hemeroteca\/wp-json\/wp\/v2\/media?parent=27346"}],"wp:term":[{"taxonomy":"category","embeddable":true,"href":"https:\/\/fg.ull.es\/hemeroteca\/wp-json\/wp\/v2\/categories?post=27346"},{"taxonomy":"post_tag","embeddable":true,"href":"https:\/\/fg.ull.es\/hemeroteca\/wp-json\/wp\/v2\/tags?post=27346"}],"curies":[{"name":"wp","href":"https:\/\/api.w.org\/{rel}","templated":true}]}}