{"id":27342,"date":"2016-07-15T14:26:47","date_gmt":"2016-07-15T13:26:47","guid":{"rendered":"http:\/\/www.fg.ull.es\/es\/?p=27342"},"modified":"2016-07-15T14:26:47","modified_gmt":"2016-07-15T13:26:47","slug":"el-profesorado-del-servicio-de-idiomas-recibe-a-las-nuevas-caras-de-la-proxima-campana-de-publicidad-del-centro","status":"publish","type":"post","link":"https:\/\/fg.ull.es\/hemeroteca\/2016\/07\/15\/el-profesorado-del-servicio-de-idiomas-recibe-a-las-nuevas-caras-de-la-proxima-campana-de-publicidad-del-centro\/","title":{"rendered":"El profesorado del Servicio de Idiomas recibe a &#034;las nuevas caras&#034; de la pr\u00f3xima campa\u00f1a de publicidad del centro"},"content":{"rendered":"<h1>El profesorado del Servicio de Idiomas recibe a &#8220;las nuevas caras&#8221; de la pr\u00f3xima campa\u00f1a de publicidad del centro<\/h1>\n<h4>Hoy, 15 de junio, las personas seleccionadas para formar parte de la nueva campa\u00f1a del Servicio de Idiomas de la ULL, han recibido sus certificados de participaci\u00f3n, que podr\u00e1n canjear por dos cursos gratis en el centro<\/h4>\n<p>Durante el encuentro de hoy, las diez personas seleccionadas en el casting para ser los rostros visibles de la publicidad del Servicio de Idiomas de la ULL, se han reunido con cinco profesores del centro, as\u00ed como con varias personas representantes del personal t\u00e9cnico de la Fundaci\u00f3n General de la Universidad de La Laguna.<br \/>\nEl motivo del acto fue hacerles entrega de los certificados que acreditan su colaboraci\u00f3n en la campa\u00f1a publicitaria, acci\u00f3n por la que cada participante ha obtenido dos cursos de idiomas completamente gratis. Podr\u00e1n cursarlos durante todo el a\u00f1o acad\u00e9mico 2016717 y elegir la lengua y el nivel que prefieran, entre el amplio abanico de opciones que oferta el centro.<br \/>\nPor su parte, el Servicio de Idiomas de la Universidad de La Laguna lanzar\u00e1 en los pr\u00f3ximos meses su nueva campa\u00f1a de publicidad<\/p>\n","protected":false},"excerpt":{"rendered":"<p>Hoy, 15 de junio, las personas seleccionadas para formar parte de la nueva campa\u00f1a del Servicio de Idiomas de la ULL, han recibido sus certificados de participaci\u00f3n, que podr\u00e1n canjear por dos cursos gratis en el centro<\/p>\n","protected":false},"author":37,"featured_media":27343,"comment_status":"closed","ping_status":"closed","sticky":false,"template":"","format":"standard","meta":{"footnotes":""},"categories":[5],"tags":[97,276,295,1287],"featured_image_thumbnail_url":"https:\/\/fg.ull.es\/hemeroteca\/wp-content\/uploads\/sites\/14\/2016\/07\/DSC_1265-300x201.jpg","_links":{"self":[{"href":"https:\/\/fg.ull.es\/hemeroteca\/wp-json\/wp\/v2\/posts\/27342"}],"collection":[{"href":"https:\/\/fg.ull.es\/hemeroteca\/wp-json\/wp\/v2\/posts"}],"about":[{"href":"https:\/\/fg.ull.es\/hemeroteca\/wp-json\/wp\/v2\/types\/post"}],"author":[{"embeddable":true,"href":"https:\/\/fg.ull.es\/hemeroteca\/wp-json\/wp\/v2\/users\/37"}],"replies":[{"embeddable":true,"href":"https:\/\/fg.ull.es\/hemeroteca\/wp-json\/wp\/v2\/comments?post=27342"}],"version-history":[{"count":0,"href":"https:\/\/fg.ull.es\/hemeroteca\/wp-json\/wp\/v2\/posts\/27342\/revisions"}],"wp:featuredmedia":[{"embeddable":true,"href":"https:\/\/fg.ull.es\/hemeroteca\/wp-json\/wp\/v2\/media\/27343"}],"wp:attachment":[{"href":"https:\/\/fg.ull.es\/hemeroteca\/wp-json\/wp\/v2\/media?parent=27342"}],"wp:term":[{"taxonomy":"category","embeddable":true,"href":"https:\/\/fg.ull.es\/hemeroteca\/wp-json\/wp\/v2\/categories?post=27342"},{"taxonomy":"post_tag","embeddable":true,"href":"https:\/\/fg.ull.es\/hemeroteca\/wp-json\/wp\/v2\/tags?post=27342"}],"curies":[{"name":"wp","href":"https:\/\/api.w.org\/{rel}","templated":true}]}}