{"id":27338,"date":"2016-07-15T13:56:13","date_gmt":"2016-07-15T12:56:13","guid":{"rendered":"http:\/\/www.fg.ull.es\/es\/?p=27338"},"modified":"2016-07-15T13:56:13","modified_gmt":"2016-07-15T12:56:13","slug":"la-tlp-acoge-un-encuentro-entre-los-estudiantes-y-egresados-de-la-ull","status":"publish","type":"post","link":"https:\/\/fg.ull.es\/hemeroteca\/2016\/07\/15\/la-tlp-acoge-un-encuentro-entre-los-estudiantes-y-egresados-de-la-ull\/","title":{"rendered":"La TLP acoge un encuentro entre los estudiantes y egresados de la ULL"},"content":{"rendered":"<p><strong>La TLP acoge un encuentro entre los estudiantes y egresados de la ULL<\/strong><\/p>\n<h4>Ma\u00f1ana, 16 de junio, distintas generaciones de inform\u00e1ticos e inform\u00e1ticas de la ULL se reunir\u00e1n en la \u2018Tenerife Land Party\u2019, para conmemorar el 25 aniversario de estos estudios en la Universidad.<\/h4>\n<p>El estand de la Universidad de la Laguna en la \u2018Tenerife Land PArty\u2019 ser\u00e1 el punto de encuentro en el que se re\u00fanan ma\u00f1ana, 16 de junio, distintas generaciones de estudiantes de inform\u00e1tica de la ULL.<br \/>\nCon motivo de la celebraci\u00f3n del 25 a\u00f1os, se ha convocado al alumnado actual y antiguo a partir de las 11 horas, con el objetivo de realizar una foto familiar con todas las promociones a las 12 horas.<br \/>\nLos inform\u00e1ticos e inform\u00e1ticas que acrediten su asistencia al encuentro, participar\u00e1n en el sortero de un ASUS, cortes\u00eda de <a href=\"http:\/\/www.ultimainformatica.com\/\">Ultima Inform\u00e1tica<\/a>. Asimismo, se anima, tanto a estudiantes como a egresados, a participar activamente en las redes sociales y a compartir an\u00e9cdotas y recuerdos por esta v\u00eda.<br \/>\nLas personas interesadas pueden obtener m\u00e1s informaci\u00f3n a trav\u00e9s del <a href=\"de%20Facebook.\">evento de Facebook <\/a>o mediante la p\u00e1gina web <a href=\"http:\/\/tlp.ull.es\/\">http:\/\/tlp.ull.es\/<\/a><\/p>\n","protected":false},"excerpt":{"rendered":"<p>Ma\u00f1ana, 16 de junio, distintas generaciones de inform\u00e1ticos e inform\u00e1ticas de la ULL se reunir\u00e1n en la \u2018Tenerife Land Party\u2019, para conmemorar el 25 aniversario de estos estudios en la Universidad.<\/p>\n","protected":false},"author":37,"featured_media":27339,"comment_status":"closed","ping_status":"closed","sticky":false,"template":"","format":"standard","meta":{"footnotes":""},"categories":[8],"tags":[97,811,1370,1396],"featured_image_thumbnail_url":"https:\/\/fg.ull.es\/hemeroteca\/wp-content\/uploads\/sites\/14\/2016\/07\/13707809_904681522991598_7177052362942148795_n-300x168.jpg","_links":{"self":[{"href":"https:\/\/fg.ull.es\/hemeroteca\/wp-json\/wp\/v2\/posts\/27338"}],"collection":[{"href":"https:\/\/fg.ull.es\/hemeroteca\/wp-json\/wp\/v2\/posts"}],"about":[{"href":"https:\/\/fg.ull.es\/hemeroteca\/wp-json\/wp\/v2\/types\/post"}],"author":[{"embeddable":true,"href":"https:\/\/fg.ull.es\/hemeroteca\/wp-json\/wp\/v2\/users\/37"}],"replies":[{"embeddable":true,"href":"https:\/\/fg.ull.es\/hemeroteca\/wp-json\/wp\/v2\/comments?post=27338"}],"version-history":[{"count":0,"href":"https:\/\/fg.ull.es\/hemeroteca\/wp-json\/wp\/v2\/posts\/27338\/revisions"}],"wp:featuredmedia":[{"embeddable":true,"href":"https:\/\/fg.ull.es\/hemeroteca\/wp-json\/wp\/v2\/media\/27339"}],"wp:attachment":[{"href":"https:\/\/fg.ull.es\/hemeroteca\/wp-json\/wp\/v2\/media?parent=27338"}],"wp:term":[{"taxonomy":"category","embeddable":true,"href":"https:\/\/fg.ull.es\/hemeroteca\/wp-json\/wp\/v2\/categories?post=27338"},{"taxonomy":"post_tag","embeddable":true,"href":"https:\/\/fg.ull.es\/hemeroteca\/wp-json\/wp\/v2\/tags?post=27338"}],"curies":[{"name":"wp","href":"https:\/\/api.w.org\/{rel}","templated":true}]}}