{"id":27325,"date":"2016-07-15T09:03:15","date_gmt":"2016-07-15T08:03:15","guid":{"rendered":"http:\/\/www.fg.ull.es\/es\/?p=27325"},"modified":"2016-07-15T09:03:15","modified_gmt":"2016-07-15T08:03:15","slug":"el-cabildo-escucha-a-los-participantes-en-el-programa-de-insercion-laboral-barrios-por-el-empleo-juntos-mas-fuertes","status":"publish","type":"post","link":"https:\/\/fg.ull.es\/hemeroteca\/2016\/07\/15\/el-cabildo-escucha-a-los-participantes-en-el-programa-de-insercion-laboral-barrios-por-el-empleo-juntos-mas-fuertes\/","title":{"rendered":"El Cabildo escucha a los participantes en el programa de inserci\u00f3n laboral \u2018Barrios por el Empleo: Juntos m\u00e1s fuertes\u2019"},"content":{"rendered":"<div class=\"fusion-page-title-captions\">\n<h1 class=\"entry-title\" data-fontsize=\"19\" data-lineheight=\"NaN\">El Cabildo escucha a los participantes en el programa de inserci\u00f3n laboral \u2018Barrios por el Empleo: Juntos m\u00e1s fuertes\u2019<\/h1>\n<\/div>\n<div class=\"fusion-page-title-secondary\"><\/div>\n<div class=\"fusion-page-title-secondary\">\n<h4>El presidente del Cabildo, Carlos Alonso, recibi\u00f3 ayer,\u00a0jueves 14\u00a0de junio, en TEA Tenerife Espacio de las Artes, a numerosos participantes del proyecto insular de inserci\u00f3n laboral \u2018Barrios por el Empleo. Juntos m\u00e1s fuertes\u2019, que se dieron cita para intercambiar impresiones y exponer sus necesidades y demandas. Les anim\u00f3 a continuar hacia delante con la misma ilusi\u00f3n \u201cen esta iniciativa en la que la Corporaci\u00f3n insular es la intermediaria entre las ofertas y las demandas de empleo\u201d.<\/h4>\n<p>El acto de hoy, que se ha celebrado bajo el nombre de \u2018Barrios por el Empleo: Juntos m\u00e1s fuertes. Escucha\u2019, se lleva a cabo a trav\u00e9s de la Fundaci\u00f3n Insular para la Formaci\u00f3n, el Empleo y el Desarrollo Empresarial, Fifede. Se trata de una jornada cuya finalidad es conocer de forma directa las inquietudes de las personas que han participado en el programa, al objeto de enriquecerlo y de que se adapte a\u00fan m\u00e1s a las necesidades de los participantes.<br \/>\nDurante la ma\u00f1ana, y de forma simult\u00e1nea, se han celebrado en once puntos de la Isla (Santa Cruz de Tenerife, Garachico, Adeje, La Orotava, Puerto de la Cruz, El Fraile, Valle San Lorenzo, Fasnia, San Isidro, La Guancha y G\u00fc\u00edmar) estas reuniones en la que los usuarios han dado su opini\u00f3n acerca del proyecto. Asistieron personas que han logrado un empleo gracias a \u2018Barrios por el Empleo: Juntos m\u00e1s fuertes\u2019, y que est\u00e1n completando alguna formaci\u00f3n o que realizan pr\u00e1cticas en empresas privadas de su itinerario personalizado de inserci\u00f3n.<br \/>\nCarlos Alonso, que se interes\u00f3 por saber c\u00f3mo afrontan los usuarios este proyecto, destac\u00f3 el papel de las empresas a la hora de elegir la formaci\u00f3n que se imparte en cada uno de los 20 nodos en los que est\u00e1 dividido, y asegur\u00f3 que \u201cse est\u00e1n dando pasos importantes para mejorar en lo que estamos haciendo, en la formaci\u00f3n, en los est\u00edmulos que creamos y en el seguimiento que hacemos de cada una de las personas que se comprometen a caminar con nosotros para mejorar su empleabilidad\u201d.<br \/>\nHasta el Sal\u00f3n de Actos de TEA Tenerife Espacio de las Artes se traslad\u00f3, tambi\u00e9n, el vicepresidente y consejero de Empleo, Efra\u00edn Medina, quien record\u00f3 que \u201clas cosas no suceden por casualidad. Alguien hace que ocurra. Y ese alguien somos todos. El Cabildo, con el apoyo incondicional de las entidades que colaboran con nosotros en este proyeto, quiere seguir creciendo en este camino hacia el empleo y la competitividad\u201d. De igual modo, tuvo una menci\u00f3n especial para las entidades \u201cde las que he aprendido mucho, pues son las que llegan a las personas que m\u00e1s lo necesitan\u201d.<br \/>\nCabe recordar que \u2018Barrios por el Empleo: Juntos m\u00e1s fuertes\u2019 es una iniciativa del Cabildo de Tenerife que gestiona la Fundaci\u00f3n Insular para la Formaci\u00f3n, el Empleo y el Desarrollo Empresarial, Fifede. En el proyecto participan cuatro entidades de referencia a nivel insular en proyectos de empleo, como la Universidad de La Laguna, a trav\u00e9s de su Fundaci\u00f3n General, C\u00e1ritas Diocesana de Tenerife, Cruz Roja Espa\u00f1ola y Fundaci\u00f3n Proyecto Don Bosco.<br \/>\nEn representaci\u00f3n de estas cuatro entidades tom\u00f3 la palabra la directora en funciones de C\u00e1ritas Diocesana de Tenerife, Rosa Mar\u00eda Mart\u00edn, quien resalt\u00f3 el car\u00e1cter participativo del proyecto \u201cen el que priorizamos a las personas y les damos voz\u201d.<br \/>\nEn sus primeros quince meses de actividad, \u2018Barrios por el Empleo: Juntos m\u00e1s fuertes\u2019 ha facilitado que m\u00e1s de 500 personas con dificultades para acceder al mercado laboral consigan un empleo. Permite ofrecer una atenci\u00f3n personalizada a cada participante, as\u00ed como formaci\u00f3n adaptada a sus circunstancias personales y a las demandas del mercado laboral. Una vez concluida esta formaci\u00f3n, se realizan pr\u00e1cticas no laborales en empresas.<br \/>\nEn este sentido, el Cabildo ha conseguido que cincuenta participantes del proyecto realicen pr\u00e1cticas remuneradas en el sector privado. La Corporaci\u00f3n insular financia el cien por cien de estos est\u00edmulos para el empleo, con 238.000 euros que sufragan todos sus costes, como la cantidad mensual que recibe cada participante, la Seguridad Social y los seguros obligatorios durante los seis meses en los que se llevan a cabo. La intenci\u00f3n es que, una vez concluido el periodo de las pr\u00e1cticas, las empresas incluyan en sus plantillas a los participantes.\n<\/p><\/div>\n","protected":false},"excerpt":{"rendered":"<p>El presidente del Cabildo, Carlos Alonso, recibi\u00f3 hoy jueves [d\u00eda 14], en TEA Tenerife Espacio de las Artes, a numerosos participantes del proyecto insular de inserci\u00f3n laboral \u2018Barrios por el Empleo. Juntos m\u00e1s fuertes\u2019, que se dieron cita para intercambiar impresiones y exponer sus necesidades y demandas. Les anim\u00f3 a continuar hacia delante con la misma ilusi\u00f3n \u201cen esta iniciativa en la que la Corporaci\u00f3n insular es la intermediaria entre las ofertas y las demandas de empleo\u201d.<\/p>\n","protected":false},"author":37,"featured_media":27326,"comment_status":"closed","ping_status":"closed","sticky":false,"template":"","format":"standard","meta":{"footnotes":""},"categories":[3],"tags":[19,261,291,1339],"featured_image_thumbnail_url":"https:\/\/fg.ull.es\/hemeroteca\/wp-content\/uploads\/sites\/14\/2016\/07\/160714_encuentro_barrios-empleo_escucha_tc_02-1-300x200.jpg","_links":{"self":[{"href":"https:\/\/fg.ull.es\/hemeroteca\/wp-json\/wp\/v2\/posts\/27325"}],"collection":[{"href":"https:\/\/fg.ull.es\/hemeroteca\/wp-json\/wp\/v2\/posts"}],"about":[{"href":"https:\/\/fg.ull.es\/hemeroteca\/wp-json\/wp\/v2\/types\/post"}],"author":[{"embeddable":true,"href":"https:\/\/fg.ull.es\/hemeroteca\/wp-json\/wp\/v2\/users\/37"}],"replies":[{"embeddable":true,"href":"https:\/\/fg.ull.es\/hemeroteca\/wp-json\/wp\/v2\/comments?post=27325"}],"version-history":[{"count":0,"href":"https:\/\/fg.ull.es\/hemeroteca\/wp-json\/wp\/v2\/posts\/27325\/revisions"}],"wp:featuredmedia":[{"embeddable":true,"href":"https:\/\/fg.ull.es\/hemeroteca\/wp-json\/wp\/v2\/media\/27326"}],"wp:attachment":[{"href":"https:\/\/fg.ull.es\/hemeroteca\/wp-json\/wp\/v2\/media?parent=27325"}],"wp:term":[{"taxonomy":"category","embeddable":true,"href":"https:\/\/fg.ull.es\/hemeroteca\/wp-json\/wp\/v2\/categories?post=27325"},{"taxonomy":"post_tag","embeddable":true,"href":"https:\/\/fg.ull.es\/hemeroteca\/wp-json\/wp\/v2\/tags?post=27325"}],"curies":[{"name":"wp","href":"https:\/\/api.w.org\/{rel}","templated":true}]}}