{"id":27316,"date":"2016-07-14T14:39:31","date_gmt":"2016-07-14T13:39:31","guid":{"rendered":"http:\/\/www.fg.ull.es\/es\/?p=27316"},"modified":"2016-07-14T14:39:31","modified_gmt":"2016-07-14T13:39:31","slug":"los-estudiantes-del-campus-de-la-ciencia-y-la-tecnologia-de-canarias-publican-los-blogs-que-han-desarrollado","status":"publish","type":"post","link":"https:\/\/fg.ull.es\/hemeroteca\/2016\/07\/14\/los-estudiantes-del-campus-de-la-ciencia-y-la-tecnologia-de-canarias-publican-los-blogs-que-han-desarrollado\/","title":{"rendered":"Los estudiantes del Campus de la Ciencia y la Tecnolog\u00eda de Canarias publican los blogs que han desarrollado"},"content":{"rendered":"<h1><strong>Los estudiantes del Campus de la Ciencia y la Tecnolog\u00eda de Canarias publican los blogs que han desarrollado<\/strong><\/h1>\n<h4>El alumnado participante en los ejes de \u201cBiomedicina y Salud\u201d y \u201cEnerg\u00eda, Biodiversidad y Medioambiente\u201d de este campus cient\u00edfico de las universidades canarias, ha elaborado varios blogs donde divulgan la actividad de investigaci\u00f3n desarrollada en los dos ejes que cerraron su actividad el pasado viernes.<\/h4>\n<p>Este viernes, 15 de julio, concluir\u00e1n dos de los ejes del Campus de la Ciencia y la Tecnolog\u00eda de Canarias, con la presentaci\u00f3n de los resultados de investigaci\u00f3n de los proyectos que los chicos y chicas participantes han venido desarrollando\u00a0con los investigadores de la ULL y la ULPGC.<br \/>\nEstos y estas aprendices de investigadoras expusieron antes sus compa\u00f1eros y compa\u00f1eras las conclusiones obtenidas en su trabajo. A partir de ahora, cualquier persona puede conocer c\u00f3mo ha sido la experiencia de estos cient\u00edficos y tecn\u00f3logos en potencia, a trav\u00e9s de los blogs que ellos mismos han elaborado y alimentado, con el objetivo de divulgar sus descubrimientos.<br \/>\n<strong><u>CCT Canarias ULL<\/u><\/strong><\/p>\n<ol>\n<li><strong> 7LabCoats<\/strong>:\u00a0<a href=\"http:\/\/ciencia.fg.ull.es\/tf11\/\">http:\/\/ciencia.fg.ull.es\/tf11\/<\/a><\/li>\n<li><strong> AegyptiScience:\u00a0<\/strong><a href=\"http:\/\/ciencia.fg.ull.es\/tf12\/\">http:\/\/ciencia.fg.ull.es\/tf12\/<\/a><\/li>\n<li><strong> Atl\u00e1ntico 53:<\/strong><a href=\"http:\/\/ciencia.fg.ull.es\/tf21\/\">http:\/\/ciencia.fg.ull.es\/tf21\/<\/a><\/li>\n<li><strong> BioPT:\u00a0<\/strong><a href=\"http:\/\/ciencia.fg.ull.es\/tf22\/\">http:\/\/ciencia.fg.ull.es\/tf22\/<\/a><\/li>\n<\/ol>\n<p><strong><u>CCT Canarias ULPGC<\/u><\/strong><\/p>\n<ol>\n<li><strong> Expediente T\u00f3xico:\u00a0<\/strong><a href=\"http:\/\/ciencia.fg.ull.es\/gc11\/\">http:\/\/ciencia.fg.ull.es\/gc11\/<\/a><\/li>\n<li><strong> La Isla en tu Plato J\u00fanior:\u00a0\u00a0<\/strong><a href=\"http:\/\/ciencia.fg.ull.es\/gc12\/\">http:\/\/ciencia.fg.ull.es\/gc12\/<\/a><\/li>\n<li><strong> Science 2.0:\u00a0<\/strong><a href=\"http:\/\/ciencia.fg.ull.es\/gc21\/\">http:\/\/ciencia.fg.ull.es\/gc21\/<\/a><\/li>\n<li><strong> Intergal\u00e1ctico:\u00a0<\/strong><a href=\"http:\/\/ciencia.fg.ull.es\/gc22\/\">http:\/\/ciencia.fg.ull.es\/gc22\/<\/a><\/li>\n<\/ol>\n<p>&nbsp;<\/p>\n","protected":false},"excerpt":{"rendered":"<p>El alumnado participante en los ejes de \u201cBiomedicina y Salud\u201d y \u201cEnerg\u00eda, Biodiversidad y Medioambiente\u201d de este campus cient\u00edfico de las universidades canarias, ha elaborado varios blogs donde divulgan la actividad de investigaci\u00f3n desarrollada en los dos ejes que cerraron su actividad el pasado viernes.<\/p>\n","protected":false},"author":37,"featured_media":27321,"comment_status":"closed","ping_status":"closed","sticky":false,"template":"","format":"standard","meta":{"footnotes":""},"categories":[8],"tags":[97,282,339,605,1396,1410],"featured_image_thumbnail_url":"https:\/\/fg.ull.es\/hemeroteca\/wp-content\/uploads\/sites\/14\/2016\/07\/DSC_0638-1-300x201.jpg","_links":{"self":[{"href":"https:\/\/fg.ull.es\/hemeroteca\/wp-json\/wp\/v2\/posts\/27316"}],"collection":[{"href":"https:\/\/fg.ull.es\/hemeroteca\/wp-json\/wp\/v2\/posts"}],"about":[{"href":"https:\/\/fg.ull.es\/hemeroteca\/wp-json\/wp\/v2\/types\/post"}],"author":[{"embeddable":true,"href":"https:\/\/fg.ull.es\/hemeroteca\/wp-json\/wp\/v2\/users\/37"}],"replies":[{"embeddable":true,"href":"https:\/\/fg.ull.es\/hemeroteca\/wp-json\/wp\/v2\/comments?post=27316"}],"version-history":[{"count":0,"href":"https:\/\/fg.ull.es\/hemeroteca\/wp-json\/wp\/v2\/posts\/27316\/revisions"}],"wp:featuredmedia":[{"embeddable":true,"href":"https:\/\/fg.ull.es\/hemeroteca\/wp-json\/wp\/v2\/media\/27321"}],"wp:attachment":[{"href":"https:\/\/fg.ull.es\/hemeroteca\/wp-json\/wp\/v2\/media?parent=27316"}],"wp:term":[{"taxonomy":"category","embeddable":true,"href":"https:\/\/fg.ull.es\/hemeroteca\/wp-json\/wp\/v2\/categories?post=27316"},{"taxonomy":"post_tag","embeddable":true,"href":"https:\/\/fg.ull.es\/hemeroteca\/wp-json\/wp\/v2\/tags?post=27316"}],"curies":[{"name":"wp","href":"https:\/\/api.w.org\/{rel}","templated":true}]}}