{"id":27290,"date":"2016-07-13T14:25:03","date_gmt":"2016-07-13T13:25:03","guid":{"rendered":"http:\/\/www.fg.ull.es\/es\/?p=27290"},"modified":"2016-07-13T14:25:03","modified_gmt":"2016-07-13T13:25:03","slug":"abierta-la-inscripcion-para-las-nuevas-ediciones-de-promotora-de-habitos-de-vida-saludables","status":"publish","type":"post","link":"https:\/\/fg.ull.es\/hemeroteca\/2016\/07\/13\/abierta-la-inscripcion-para-las-nuevas-ediciones-de-promotora-de-habitos-de-vida-saludables\/","title":{"rendered":"Abierta la inscripci\u00f3n para las nuevas ediciones de \u201cPromotor\/a de H\u00e1bitos de Vida Saludables\u201d"},"content":{"rendered":"<h1><strong>Abierta la inscripci\u00f3n para las nuevas ediciones de \u201cPromotor\/a de H\u00e1bitos de Vida Saludables\u201d<\/strong><\/h1>\n<h4>Los meses de septiembre y octubre tendr\u00e1n lugar dos nuevas entregas de esta formaci\u00f3n gratuita, organizada por el departamento de Psicolog\u00eda Evolutiva y de la Educaci\u00f3n de la Universidad de la Laguna y por el \u00e1rea de Drogodependencias de la Direcci\u00f3n General de Salud P\u00fablica del Servicio Canario de Salud del Gobierno de Canarias.<\/h4>\n<p>\u201cPromotor\/a de H\u00e1bitos de Vida Saludable\u201d est\u00e1 enfocado a estudiantes y titulados, de cualquier universidad nacional, con edades comprendidas entre los 18 y los 35 a\u00f1os. El objetivo es convertir a las personas asistentes en modelos de conducta adecuados para el resto de la poblaci\u00f3n, capacit\u00e1ndolas para actuar en la prevenci\u00f3n y sensibilizaci\u00f3n de las drogodependencias.<br \/>\nLa quinta edici\u00f3n de esta iniciativa comenzar\u00e1 el 27 de septiembre y se extender\u00e1 hasta el 25 de octubre, para dar paso a la sexta entrega de esta formaci\u00f3n, que tendr\u00e1 lugar entre el 26 de octubre y el 24 de noviembre. \u00a0En ambos casos el curso tendr\u00e1 una duraci\u00f3n total de 30 horas, ser\u00e1 semipresencial, de car\u00e1cter gratuito y estar\u00e1 certificado por la Direcci\u00f3n General de Salud P\u00fablica del Servicio Canario de Salud del Gobierno de Canarias y la Universidad de La Laguna.<br \/>\nLas personas interesadas ya pueden inscribirse en la formaci\u00f3n, a trav\u00e9s de la sede electr\u00f3nica de la Fundaci\u00f3n General de la Universidad de La Laguna.<\/p>\n<h3><\/h3>\n<h3><strong>5\u00aa edici\u00f3n &#8211; Inscripci\u00f3n<a href=\"https:\/\/sede.fg.ull.es\/es\/curso\/detalle\/a16030278\/promotor-a-de-habitos-de-vida-saludables-5-edicion\" target=\"_blank\" rel=\"noopener noreferrer\"> AQU\u00cd<br \/>\n<\/a>6\u00aa edici\u00f3n &#8211; Inscripci\u00f3n <a href=\"https:\/\/sede.fg.ull.es\/es\/curso\/detalle\/a16030279\/promotor-a-de-habitos-de-vida-saludables-6-edicion\" target=\"_blank\" rel=\"noopener noreferrer\">AQU\u00cd<\/a><\/strong><\/h3>\n<h3><\/h3>\n","protected":false},"excerpt":{"rendered":"<p>Abierta la inscripci\u00f3n para las nuevas ediciones de \u201cPromotor\/a de H\u00e1bitos de Vida Saludables\u201d<\/p>\n","protected":false},"author":37,"featured_media":27291,"comment_status":"closed","ping_status":"closed","sticky":false,"template":"","format":"standard","meta":{"footnotes":""},"categories":[5],"tags":[77,461,672,1396,1426],"featured_image_thumbnail_url":"https:\/\/fg.ull.es\/hemeroteca\/wp-content\/uploads\/sites\/14\/2016\/07\/Servicio-Canario-de-la-Salud-673x4091-673x409-673x409-1-300x182.jpg","_links":{"self":[{"href":"https:\/\/fg.ull.es\/hemeroteca\/wp-json\/wp\/v2\/posts\/27290"}],"collection":[{"href":"https:\/\/fg.ull.es\/hemeroteca\/wp-json\/wp\/v2\/posts"}],"about":[{"href":"https:\/\/fg.ull.es\/hemeroteca\/wp-json\/wp\/v2\/types\/post"}],"author":[{"embeddable":true,"href":"https:\/\/fg.ull.es\/hemeroteca\/wp-json\/wp\/v2\/users\/37"}],"replies":[{"embeddable":true,"href":"https:\/\/fg.ull.es\/hemeroteca\/wp-json\/wp\/v2\/comments?post=27290"}],"version-history":[{"count":0,"href":"https:\/\/fg.ull.es\/hemeroteca\/wp-json\/wp\/v2\/posts\/27290\/revisions"}],"wp:featuredmedia":[{"embeddable":true,"href":"https:\/\/fg.ull.es\/hemeroteca\/wp-json\/wp\/v2\/media\/27291"}],"wp:attachment":[{"href":"https:\/\/fg.ull.es\/hemeroteca\/wp-json\/wp\/v2\/media?parent=27290"}],"wp:term":[{"taxonomy":"category","embeddable":true,"href":"https:\/\/fg.ull.es\/hemeroteca\/wp-json\/wp\/v2\/categories?post=27290"},{"taxonomy":"post_tag","embeddable":true,"href":"https:\/\/fg.ull.es\/hemeroteca\/wp-json\/wp\/v2\/tags?post=27290"}],"curies":[{"name":"wp","href":"https:\/\/api.w.org\/{rel}","templated":true}]}}