{"id":27281,"date":"2016-07-13T12:25:41","date_gmt":"2016-07-13T11:25:41","guid":{"rendered":"http:\/\/www.fg.ull.es\/es\/?p=27281"},"modified":"2016-07-13T12:25:41","modified_gmt":"2016-07-13T11:25:41","slug":"el-proximo-martes-llega-la-jornada-aprender-a-emprender-en-la-nueva-economia","status":"publish","type":"post","link":"https:\/\/fg.ull.es\/hemeroteca\/2016\/07\/13\/el-proximo-martes-llega-la-jornada-aprender-a-emprender-en-la-nueva-economia\/","title":{"rendered":"El pr\u00f3ximo martes llega la jornada \u201cAprender a Emprender en la nueva econom\u00eda\u201d"},"content":{"rendered":"<h1><strong>El pr\u00f3ximo martes llega la jornada \u201cAprender a Emprender en la nueva econom\u00eda\u201d<\/strong><\/h1>\n<h4>Las personas interesadas ya pueden inscribirse para asistir a esta actividad sobre emprendimiento, que se desarrollar\u00e1 el 19 de julio en el Espacio Cultural CajaCanarias.<\/h4>\n<p>La jornada, destinada a personas con actitud emprendedora y de aprendizaje, se enmarca dentro del <a href=\"http:\/\/foroe.es\/\">Foro Nueva Econom\u00eda, Nueva Empresa<\/a>. Contar\u00e1 con dos conferencias impartidas por ponentes de lujo, que estar\u00e1n enfocadas al emprendimiento en el contexto actual y al dise\u00f1o de modelos de negocio.<br \/>\nSe abrir\u00e1 la sesi\u00f3n con \u201cOportunidades para emprender en la nueva econom\u00eda\u201d, de <a href=\"http:\/\/foroe.es\/jornada-aprender-a-emprender-en-la-nueva-economia\/\">Antonella Broglia<\/a>, profesional experiementada en el mundo de la publicidad y el marketing, con gran trayectoria en emprendimiento ya que, entre otras cosas, es organizadora de TEDxMadrid, TEDxYouth@Madrid, y promueve el desarrollo de la plataforma TEDx en toda Europa en su rol de Senior Ambassador. Adem\u00e1s, impulsa plataformas de emprendedores culturales comisariando y presentando eventos que ponen en evidencia nuevos modelos sostenibles de emprendimiento desde el arte y la cultura. Es tambi\u00e9n Ambassador de Ashoka Espa\u00f1a y habla frecuentemente de innovaci\u00f3n y emprendimiento social en el Programa \u201cA punto con la 2\u201c de Televisi\u00f3n Espa\u00f1ola.<br \/>\nPosteriormente ser\u00e1 el turno de \u201cClaves para dise\u00f1ar un buen modelo de negocio\u201d \u00a0de <a href=\"http:\/\/foroe.es\/jornada-aprender-a-emprender-en-la-nueva-economia\/\">Jes\u00fas Cand\u00f3n<\/a>, Business Developer en LeanMonitor y Gust. Cand\u00f3n est\u00e1 vinculado al mundo de la innovaci\u00f3n y las metodolog\u00edas \u00e1giles, y presta servicio a equipos innovadores en startups, aceleradoras, universidades y grandes corporaciones. Asimismo, es coautor de \u201cEspa\u00f1a Lean Startup\u201d, \u201cInnosis Framework\u201d y el \u201cTratado para la Gesti\u00f3n \u00c1gil de Proyectos en Entornos de Alta Incertidumbre\u201d, coordina la comunidad de emprendedores #TrueLeanEntrepreneurs y es fundador de los grupos Lean Startup Circle Costa del Sol y Green Startup. Entre sus titulaciones figuran la de Lean Startup blogger y Scrum M\u00e1ster, una ingenier\u00eda t\u00e9cnica en Inform\u00e1tica de Gesti\u00f3n y un M\u00e1ster Executive en Emprendimiento Tecnol\u00f3gico e Innovador<br \/>\nLa cita ser\u00e1 el pr\u00f3ximo martes 19 de junio, en el Espacio Cultural CajaCanarias de Santa Cruz de Tenerife, en horario de 13:30 a 19:30 horas.<br \/>\n&nbsp;<\/p>\n<h3><strong>Inscripci\u00f3n<a href=\"http:\/\/www.fyde-cajacanarias.es\/saec\/inscripcion\/opcion.php?curso=1414\"> AQU\u00cd<\/a><\/strong><\/h3>\n","protected":false},"excerpt":{"rendered":"<p>El pr\u00f3ximo martes llega la jornada \u201cAprender a Emprender en la nueva econom\u00eda\u201d<\/p>\n","protected":false},"author":37,"featured_media":27282,"comment_status":"closed","ping_status":"closed","sticky":false,"template":"","format":"standard","meta":{"footnotes":""},"categories":[3],"tags":[53,162,590,681,880,1057],"featured_image_thumbnail_url":"https:\/\/fg.ull.es\/hemeroteca\/wp-content\/uploads\/sites\/14\/2016\/07\/a188b974-8658-4403-bb62-14ed9bf6a68a-300x150.png","_links":{"self":[{"href":"https:\/\/fg.ull.es\/hemeroteca\/wp-json\/wp\/v2\/posts\/27281"}],"collection":[{"href":"https:\/\/fg.ull.es\/hemeroteca\/wp-json\/wp\/v2\/posts"}],"about":[{"href":"https:\/\/fg.ull.es\/hemeroteca\/wp-json\/wp\/v2\/types\/post"}],"author":[{"embeddable":true,"href":"https:\/\/fg.ull.es\/hemeroteca\/wp-json\/wp\/v2\/users\/37"}],"replies":[{"embeddable":true,"href":"https:\/\/fg.ull.es\/hemeroteca\/wp-json\/wp\/v2\/comments?post=27281"}],"version-history":[{"count":0,"href":"https:\/\/fg.ull.es\/hemeroteca\/wp-json\/wp\/v2\/posts\/27281\/revisions"}],"wp:featuredmedia":[{"embeddable":true,"href":"https:\/\/fg.ull.es\/hemeroteca\/wp-json\/wp\/v2\/media\/27282"}],"wp:attachment":[{"href":"https:\/\/fg.ull.es\/hemeroteca\/wp-json\/wp\/v2\/media?parent=27281"}],"wp:term":[{"taxonomy":"category","embeddable":true,"href":"https:\/\/fg.ull.es\/hemeroteca\/wp-json\/wp\/v2\/categories?post=27281"},{"taxonomy":"post_tag","embeddable":true,"href":"https:\/\/fg.ull.es\/hemeroteca\/wp-json\/wp\/v2\/tags?post=27281"}],"curies":[{"name":"wp","href":"https:\/\/api.w.org\/{rel}","templated":true}]}}