{"id":27275,"date":"2016-07-13T11:52:19","date_gmt":"2016-07-13T10:52:19","guid":{"rendered":"http:\/\/www.fg.ull.es\/es\/?p=27275"},"modified":"2016-07-13T11:52:19","modified_gmt":"2016-07-13T10:52:19","slug":"arranca-la-modalidad-de-retos-cientificos-del-campus-de-la-ciencia-y-la-tecnologia-de-canarias","status":"publish","type":"post","link":"https:\/\/fg.ull.es\/hemeroteca\/2016\/07\/13\/arranca-la-modalidad-de-retos-cientificos-del-campus-de-la-ciencia-y-la-tecnologia-de-canarias\/","title":{"rendered":"Arranca la modalidad de &#039;Retos Cient\u00edficos&#039; del Campus de la Ciencia y la Tecnolog\u00eda de Canarias"},"content":{"rendered":"<h1><strong>Arranca la modalidad de &#8216;Retos Cient\u00edficos&#8217; del Campus de la Ciencia y la Tecnolog\u00eda de Canarias<\/strong><\/h1>\n<h4>Ayer, 11 de julio, comenzaba &#8216;Retos Cient\u00edficos&#8217;, modalidad en la que el alumnado participante deber\u00e1 resolver dos desaf\u00edos cient\u00edficos propuestos por personal investigador de las universidades canarias.<\/h4>\n<p>&#8216;Retos Cient\u00edficos&#8217; es, junto a Proyectos de I+D, una de las modalidades que conforman este programa de actividades. Se dirige espec\u00edficamente, al alumnado de 4\u00ba de la ESO y 1\u00ba de Bachillerato, que ya haya participado en alguna de las ediciones anteriores del Campus de la Ciencia y la Tecnolog\u00eda de Canarias.<br \/>\nAprovechando su experiencia y conocimiento sobre el procedimiento que sigue el personal investigador, los chicos y chicas se ocupar\u00e1n de dar respuesta a dos problemas cient\u00edficos planteados. Hasta el pr\u00f3ximo 22 de julio, pondr\u00e1n en pr\u00e1ctica lo aprendido en a\u00f1os anteriores en el Campus, para resolver dos retos correspondientes al \u00e1rea de la Rob\u00f3tica.<br \/>\nSe dividir\u00e1 al alumnado participante en equipos de trabajo de cinco personas y cada uno se enfrentar\u00e1 a un reto propuesto por un grupo de investigaci\u00f3n de la Universidad de La Laguna y a otro de la Universidad de Las Palmas de Gran Canaria. Para apoyarles y asesorarles en sus investigaciones, el personal investigador universitario impartir\u00e1 charlas te\u00f3rico-pr\u00e1cticas, que sirvan de referencia al alumnado. Los resultados se expondr\u00e1n el \u00faltimo d\u00eda del Campus, en el que un jurado valorar\u00e1 las soluciones obtenidas en cada reto, as\u00ed como la metodolog\u00eda seguida.<br \/>\nEl Campus de la Ciencia y la Tecnolog\u00eda de Canarias es una iniciativa que persigue fomentar las vocaciones cient\u00edficas entre los j\u00f3venes escolares de las Islas, para identificar a los potenciales cient\u00edficos y tecn\u00f3logos del Archipi\u00e9lago. Esta edici\u00f3n est\u00e1 coorganizada en conjunto por la ULL y la ULPGC, a trav\u00e9s de sus Unidades de Cultura Cient\u00edfica y de la Innovaci\u00f3n: Cienci@ULL y DivulgaULPG, respectivamente, y la Agencia Canaria de Investigaci\u00f3n, Innovaci\u00f3n y Sociedad de la Informaci\u00f3n.<br \/>\nAdem\u00e1s, cuenta con el patrocinio de diversas entidades privadas como Libby\u2019s, Tirma, Coca Cola, Fuente Alta, Titsa, Multicines Tenerife, Caja Siete, Fred Olsen y EME GS, An\u00e1lisis y Gesti\u00f3n de Seguros, Museo de la Ciencia y el Cosmos, Adiagnostic y Global.<br \/>\n&nbsp;<\/p>\n","protected":false},"excerpt":{"rendered":"<p>Ayer, 11 de julio, comenzaba \u201cRetos Cient\u00edficos\u201d, modalidad en la que el alumnado participante deber\u00e1 resolver dos desaf\u00edos cient\u00edficos propuestos por personal investigador de las universidades canarias.<\/p>\n","protected":false},"author":37,"featured_media":27277,"comment_status":"closed","ping_status":"closed","sticky":false,"template":"","format":"standard","meta":{"footnotes":""},"categories":[8],"tags":[282,703,1226,1396],"featured_image_thumbnail_url":"https:\/\/fg.ull.es\/hemeroteca\/wp-content\/uploads\/sites\/14\/2016\/07\/IMG-20160707-WA0069-300x225.jpg","_links":{"self":[{"href":"https:\/\/fg.ull.es\/hemeroteca\/wp-json\/wp\/v2\/posts\/27275"}],"collection":[{"href":"https:\/\/fg.ull.es\/hemeroteca\/wp-json\/wp\/v2\/posts"}],"about":[{"href":"https:\/\/fg.ull.es\/hemeroteca\/wp-json\/wp\/v2\/types\/post"}],"author":[{"embeddable":true,"href":"https:\/\/fg.ull.es\/hemeroteca\/wp-json\/wp\/v2\/users\/37"}],"replies":[{"embeddable":true,"href":"https:\/\/fg.ull.es\/hemeroteca\/wp-json\/wp\/v2\/comments?post=27275"}],"version-history":[{"count":0,"href":"https:\/\/fg.ull.es\/hemeroteca\/wp-json\/wp\/v2\/posts\/27275\/revisions"}],"wp:featuredmedia":[{"embeddable":true,"href":"https:\/\/fg.ull.es\/hemeroteca\/wp-json\/wp\/v2\/media\/27277"}],"wp:attachment":[{"href":"https:\/\/fg.ull.es\/hemeroteca\/wp-json\/wp\/v2\/media?parent=27275"}],"wp:term":[{"taxonomy":"category","embeddable":true,"href":"https:\/\/fg.ull.es\/hemeroteca\/wp-json\/wp\/v2\/categories?post=27275"},{"taxonomy":"post_tag","embeddable":true,"href":"https:\/\/fg.ull.es\/hemeroteca\/wp-json\/wp\/v2\/tags?post=27275"}],"curies":[{"name":"wp","href":"https:\/\/api.w.org\/{rel}","templated":true}]}}