{"id":27249,"date":"2016-07-12T12:08:07","date_gmt":"2016-07-12T11:08:07","guid":{"rendered":"http:\/\/www.fg.ull.es\/es\/?p=27249"},"modified":"2016-07-12T12:08:07","modified_gmt":"2016-07-12T11:08:07","slug":"abierto-el-plazo-de-inscripcion-para-el-grado-en-desarrollo-emprendedor-grade-de-la-ull","status":"publish","type":"post","link":"https:\/\/fg.ull.es\/hemeroteca\/2016\/07\/12\/abierto-el-plazo-de-inscripcion-para-el-grado-en-desarrollo-emprendedor-grade-de-la-ull\/","title":{"rendered":"Abierto el plazo de inscripci\u00f3n para el Grado en Desarrollo Emprendedor (GRADE) de la ULL"},"content":{"rendered":"<h1><strong>Abierto el plazo de inscripci\u00f3n para el Grado en Desarrollo Emprendedor (GRADE) de la ULL<\/strong><\/h1>\n<h4>Hasta el pr\u00f3ximo 29 de septiembre permanecer\u00e1 activa la inscripci\u00f3n para este t\u00edtulo propio de la Universidad de La Laguna, enfocado al dise\u00f1o y desarrollo de proyectos innovadores<\/h4>\n<p>La nueva edici\u00f3n <a href=\"http:\/\/grade.webs.ull.es\/#presentacion\">del Grado en Desarrollo Emprendedor<\/a>, comenzar\u00e1 a impartirse en el mes de octubre y se desarrollar\u00e1 hasta junio de 2017, los jueves y viernes de 17 a 20 horas, en la Facultad de Econom\u00eda, Empresa y Turismo de la ULL.<br \/>\nSe trata de un t\u00edtulo propio universitario, con un total de 30 cr\u00e9ditos ECTS,\u00a0 que fomenta el aprendizaje experiencial adaptado al reto de dise\u00f1ar y desarrollar proyectos innovadores en la actualidad.\u00a0 Capacitando al alumnado para identificar y dise\u00f1ar nuevos modelos de negocios y reorientar los ya existentes, utilizar herramientas de gesti\u00f3n de proyectos innovadores para hacerlos sostenibles en el tiempo y desarrollar proyectos de forma colaborativa.<br \/>\nEl coste total de la matr\u00edcula es de 1380 euros, fraccionables en dos pagos, sin embargo, la reducida tiene un precio 828 \u20ac, mediante el apoyo de empresas colaboradoras a alumnado con renta reducida, atendiendo a los umbrales fijados por el Ministerio o la bonificaci\u00f3n de la Fundaci\u00f3n Tripartita a empleadas y empleados.<br \/>\nLa formaci\u00f3n est\u00e1 dirigida a personas emprendedoras, estudiantes que quieran madurar y reflexionar sobre su proyecto personal y profesional, investigadores, profesionales, agentes de apoyo al emprendimiento y docentes. Las personas interesadas en GRADE, pueden formalizar sus inscripciones a trav\u00e9s de <a href=\"https:\/\/docs.google.com\/a\/fg.ull.es\/forms\/d\/e\/1FAIpQLSeT9dBPhhHj4QwlZSsEAsiPbDzn7l0iI6iR2rAu-SQwiOcnWQ\/viewform?c=0&amp;w=1\">este enlace<\/a>.<br \/>\n&nbsp;<br \/>\nInscripci\u00f3n <a href=\"https:\/\/docs.google.com\/a\/fg.ull.es\/forms\/d\/e\/1FAIpQLSeT9dBPhhHj4QwlZSsEAsiPbDzn7l0iI6iR2rAu-SQwiOcnWQ\/viewform?c=0&amp;w=1\">AQU\u00cd<\/a><\/p>\n","protected":false},"excerpt":{"rendered":"<p>Hasta el pr\u00f3ximo 29 de septiembre permanecer\u00e1 activa la inscripci\u00f3n para este t\u00edtulo propio de la Universidad de La Laguna, enfocado al dise\u00f1o y desarrollo de proyectos innovadores<\/p>\n","protected":false},"author":37,"featured_media":27250,"comment_status":"closed","ping_status":"closed","sticky":false,"template":"","format":"standard","meta":{"footnotes":""},"categories":[5],"tags":[98,672,740,1366,1396],"featured_image_thumbnail_url":"https:\/\/fg.ull.es\/hemeroteca\/wp-content\/uploads\/sites\/14\/2016\/07\/logo-01-300x255.png","_links":{"self":[{"href":"https:\/\/fg.ull.es\/hemeroteca\/wp-json\/wp\/v2\/posts\/27249"}],"collection":[{"href":"https:\/\/fg.ull.es\/hemeroteca\/wp-json\/wp\/v2\/posts"}],"about":[{"href":"https:\/\/fg.ull.es\/hemeroteca\/wp-json\/wp\/v2\/types\/post"}],"author":[{"embeddable":true,"href":"https:\/\/fg.ull.es\/hemeroteca\/wp-json\/wp\/v2\/users\/37"}],"replies":[{"embeddable":true,"href":"https:\/\/fg.ull.es\/hemeroteca\/wp-json\/wp\/v2\/comments?post=27249"}],"version-history":[{"count":0,"href":"https:\/\/fg.ull.es\/hemeroteca\/wp-json\/wp\/v2\/posts\/27249\/revisions"}],"wp:featuredmedia":[{"embeddable":true,"href":"https:\/\/fg.ull.es\/hemeroteca\/wp-json\/wp\/v2\/media\/27250"}],"wp:attachment":[{"href":"https:\/\/fg.ull.es\/hemeroteca\/wp-json\/wp\/v2\/media?parent=27249"}],"wp:term":[{"taxonomy":"category","embeddable":true,"href":"https:\/\/fg.ull.es\/hemeroteca\/wp-json\/wp\/v2\/categories?post=27249"},{"taxonomy":"post_tag","embeddable":true,"href":"https:\/\/fg.ull.es\/hemeroteca\/wp-json\/wp\/v2\/tags?post=27249"}],"curies":[{"name":"wp","href":"https:\/\/api.w.org\/{rel}","templated":true}]}}