{"id":27184,"date":"2016-07-08T11:25:54","date_gmt":"2016-07-08T10:25:54","guid":{"rendered":"http:\/\/www.fg.ull.es\/es\/?p=27184"},"modified":"2016-07-08T11:25:54","modified_gmt":"2016-07-08T10:25:54","slug":"los-estudiantes-de-los-ejes-tic-y-computacion-y-ciencia-y-sociedad-del-cct-canarias-2016-ya-se-divierten-y-aprenden-en-la-ull","status":"publish","type":"post","link":"https:\/\/fg.ull.es\/hemeroteca\/2016\/07\/08\/los-estudiantes-de-los-ejes-tic-y-computacion-y-ciencia-y-sociedad-del-cct-canarias-2016-ya-se-divierten-y-aprenden-en-la-ull\/","title":{"rendered":"Los estudiantes de los ejes \u201cTIC y computaci\u00f3n\u201d y \u201cCiencia y Sociedad\u201d del CCT Canarias 2016 ya se divierten y aprenden en la ULL"},"content":{"rendered":"<h1><strong>Los estudiantes de los ejes <\/strong><strong>\u201c<\/strong><strong>TIC y computaci<\/strong><strong>\u00f3<\/strong><strong>n<\/strong><strong>\u201d<\/strong><strong> y <\/strong><strong>\u201c<\/strong><strong>Ciencia y Sociedad<\/strong><strong>\u201d<\/strong><strong> del CCT Canarias 2016 ya se divierten y aprenden en la ULL<\/strong><\/h1>\n<h4>Dos nuevos grupos de estudiantes preuniversitarios se incorporaban esta semana a la actividad del Campus de la Ciencia y la Tecnolog\u00eda de Canarias. Los chicos y chicas de 3\u00ba y 4\u00ba de la ESO, provenientes de centros de toda la provincia, han comenzado su aprendizaje en los ejes cient\u00edficos de \u201cTIC y Computaci\u00f3n\u201d y \u201cCiencia y Sociedad\u201d, correspondientes a la modalidad de Proyectos I+D propuesta por esta iniciativa l\u00fadica y formativa. Hasta el pr\u00f3ximo 15 de julio, el alumnado desarrollar\u00e1 un proyectos de I+D bajo la tutorizaci\u00f3n de un grupo de investigaci\u00f3n real.<\/h4>\n<p>En los itinerarios de ambos ejes cient\u00edficos, se encuentran programados diferentes actividades formativas y l\u00fadicas como visitas a los\u00a0 espacios espec\u00edficos para que los chicos y chicas trabajen en sus respectivos proyectos, a\u00a0las instalaciones del Instituto Tecnol\u00f3gico y de Energ\u00eda Renovables (ITER), la Secci\u00f3n de Bellas Artes de la ULL y el\u00a0Museo de la Ciencia y el Cosmos, adem\u00e1s de diferentes museos. Asimismo, recibir\u00e1n formaci\u00f3n complementaria sobre divulgaci\u00f3n cient\u00edfica, pensamiento computacional e ingl\u00e9s cient\u00edfico, aplicaciones TIC y un taller sobre igualdad. El broche final ser\u00e1 la presentaci\u00f3n de los resultados de investigaci\u00f3n, el 15 de julio.\u00a0 Para facilitar la realizaci\u00f3n de la actividad se ha dividido a los participantes en cuatro\u00a0grupos de trabajo, dos\u00a0por cada eje cient\u00edfico.<br \/>\nDentro del eje de \u201cTIC y Computaci\u00f3n\u201d participan, en esta edici\u00f3n, los grupos de investigaci\u00f3n CriptULL y Algoritmos y Lenguajes Paralelos, los cuales dedican su actividad investigadora a distintos campos y aplicaciones de la ingenier\u00eda inform\u00e1tica.\u00a0 Los proyectos que se van a realizar en este eje son: &#8220;Innovaci\u00f3n Educativa con Tecnolog\u00edas M\u00f3viles&#8221; del que es responsable la doctora Pino Caballero\u00a0 y en el que el alumnado trabajar\u00e1 con tel\u00e9fonos m\u00f3viles, beacons Bluetooth, smartwatches, tablets, port\u00e1tiles y otros dispositivos y un proyecto para acercar al alumnado al pensamiento computacional, mediante la resoluci\u00f3n de problemas con una computadora, dirigido por la Dra. Coromoto Le\u00f3n.<br \/>\nPor su parte, el cuarto eje, \u201cCiencia y Sociedad\u201d lo componen los grupos universitarios de investigaci\u00f3n Fabricaci\u00f3n Digital de la ULL y Geograf\u00eda para el Desarrollo, que son los encargados de guiar al alumnado participante en el desarrollo de sus investigaciones. Conformando grupos de estudiantes reducidos, que permiten prestar una atenci\u00f3n m\u00e1s personalizada, el personal investigador de la instituci\u00f3n acad\u00e9mica traspasar\u00e1 su conocimiento y experiencia a esta nueva generaci\u00f3n cient\u00edfica en potencia. Un ejemplo del trabajo realizado en este eje es el proyecto \u201cDise\u00f1o, modelado e Impresi\u00f3n en 3D\u201d del grupo Fabricaci\u00f3n Digital, en el que los doctores Jos\u00e9 Saor\u00edn, Drago D\u00edaz y Jorge de la Torre, descubrir\u00e1n a los j\u00f3venes todos los secretos de esta innovadora t\u00e9cnica de creaci\u00f3n. Por otro lado,\u00a0\u00a0la Recuperaci\u00f3n de Caminos Tradicionales, de la mano de profesor Vicente Zapata es el director del Grupo Geograf\u00eda para el Desarrollo y de Aar\u00f3n Rodr\u00edguez, llevar\u00e1 a los estudiantes a descubrir el territorio con una mirada anal\u00edtica sobre los procesos socioterritoriales.<br \/>\nLa otra modalidad del campamento \u201cRetos Cient\u00edficos\u201d, enfocada a chicos y chicas que repitan experiencia, se desarrollar\u00e1 hasta el 22 de julio y consistir\u00e1 en la resoluci\u00f3n de dos retos propuestos por cada una de las dos universidades canarias. El Campus de la Ciencia y la Tecnolog\u00eda de Canarias es una iniciativa que persigue fomentar las vocaciones cient\u00edficas entre los j\u00f3venes escolares de las Islas, para identificar a la cantera de cient\u00edficos y tecn\u00f3logos del Archipi\u00e9lago.<br \/>\nTodo ello se conseguir\u00e1 mediante una experiencia investigadora real, poniendo en valor las capacidades e infraestructuras cient\u00edficas de la Universidad, facilitando el contacto entre el alumnado procedente de diferentes islas, mejorando las habilidades del estudiantado\u00a0en las distintas ramas de la ciencia y dot\u00e1ndoles de las herramientas necesarias para que sean capaces de aplicar el m\u00e9todo cient\u00edfico.<br \/>\nEsta iniciativa es desarrollada de forma simult\u00e1nea en la Universidad de Las Palmas de Gran Canaria de la mano de su Fundaci\u00f3n Parque Cient\u00edfico Tecnol\u00f3gico.<br \/>\nEl CCT Canarias 2016 es un proyecto promovido por la Universidad de La Laguna y la Universidad de Las Palmas de Gran Canaria, de la mano de sus Unidades de Cultura Cient\u00edfica y de la Innovaci\u00f3n, Cienci@ULL y DivulgaULPG, respectivamente, y la Agencia Canaria de Investigaci\u00f3n, Innovaci\u00f3n y Sociedad de la Informaci\u00f3n.<br \/>\nAdem\u00e1s, cuenta con el patrocinio de diversas entidades como Libby\u2019s, Tirma, Coca Cola, Fuente Alta, Titsa, Multicines Tenerife, Caja Siete, Fred Olsen y EME GS, An\u00e1lisis y Gesti\u00f3n de Seguros, Museo de la Ciencia y el Cosmos, Adiagnostic y Global.<\/p>\n","protected":false},"excerpt":{"rendered":"<p>Dos nuevos grupos de estudiantes preuniversitarios se incorporaban esta semana a la actividad del Campus de la Ciencia y la Tecnolog\u00eda de Canarias. Los chicos y chicas de 3\u00ba y 4\u00ba de la ESO, provenientes de centros de toda la provincia, han comenzado su aprendizaje en los ejes cient\u00edficos de \u201cTIC y Computaci\u00f3n\u201d y \u201cCiencia y Sociedad\u201d, correspondientes a la modalidad de Proyectos I+D propuesta por esta iniciativa l\u00fadica y formativa. Hasta el pr\u00f3ximo 15 de julio, el alumnado desarrollar\u00e1 un proyectos de I+D bajo la tutorizaci\u00f3n de un grupo de investigaci\u00f3n real.<\/p>\n","protected":false},"author":37,"featured_media":27186,"comment_status":"closed","ping_status":"closed","sticky":false,"template":"","format":"standard","meta":{"footnotes":""},"categories":[8],"tags":[282,312,338,339,475,821,1396],"featured_image_thumbnail_url":"https:\/\/fg.ull.es\/hemeroteca\/wp-content\/uploads\/sites\/14\/2016\/07\/IMG-20160707-WA0044-300x225.jpg","_links":{"self":[{"href":"https:\/\/fg.ull.es\/hemeroteca\/wp-json\/wp\/v2\/posts\/27184"}],"collection":[{"href":"https:\/\/fg.ull.es\/hemeroteca\/wp-json\/wp\/v2\/posts"}],"about":[{"href":"https:\/\/fg.ull.es\/hemeroteca\/wp-json\/wp\/v2\/types\/post"}],"author":[{"embeddable":true,"href":"https:\/\/fg.ull.es\/hemeroteca\/wp-json\/wp\/v2\/users\/37"}],"replies":[{"embeddable":true,"href":"https:\/\/fg.ull.es\/hemeroteca\/wp-json\/wp\/v2\/comments?post=27184"}],"version-history":[{"count":0,"href":"https:\/\/fg.ull.es\/hemeroteca\/wp-json\/wp\/v2\/posts\/27184\/revisions"}],"wp:featuredmedia":[{"embeddable":true,"href":"https:\/\/fg.ull.es\/hemeroteca\/wp-json\/wp\/v2\/media\/27186"}],"wp:attachment":[{"href":"https:\/\/fg.ull.es\/hemeroteca\/wp-json\/wp\/v2\/media?parent=27184"}],"wp:term":[{"taxonomy":"category","embeddable":true,"href":"https:\/\/fg.ull.es\/hemeroteca\/wp-json\/wp\/v2\/categories?post=27184"},{"taxonomy":"post_tag","embeddable":true,"href":"https:\/\/fg.ull.es\/hemeroteca\/wp-json\/wp\/v2\/tags?post=27184"}],"curies":[{"name":"wp","href":"https:\/\/api.w.org\/{rel}","templated":true}]}}