{"id":26298,"date":"2016-05-26T14:29:48","date_gmt":"2016-05-26T13:29:48","guid":{"rendered":"http:\/\/www.fg.ull.es\/es\/?p=26298"},"modified":"2016-05-26T14:29:48","modified_gmt":"2016-05-26T13:29:48","slug":"la-ull-acogera-en-septiembre-el-congreso-novagob2016","status":"publish","type":"post","link":"https:\/\/fg.ull.es\/hemeroteca\/2016\/05\/26\/la-ull-acogera-en-septiembre-el-congreso-novagob2016\/","title":{"rendered":"La ULL acoger\u00e1 en septiembre el Congreso NovaGob2016"},"content":{"rendered":"<h1><strong>La ULL acoger\u00e1 en septiembre el Congreso NovaGob2016 <\/strong><\/h1>\n<h4>Ya est\u00e1 abierto el plazo de inscripci\u00f3n para el Congreso Iberoamericano de Innovaci\u00f3n P\u00fablica, que se desarrollar\u00e1 \u00a0<em>los d\u00edas 29 y 30 de septiembre en el <\/em>Paraninfo de la Universidad de La Laguna<\/h4>\n<p>El encuentro, organizado por la Universidad de La Laguna, a trav\u00e9s de su Fundaci\u00f3n General, junto con el <a href=\"http:\/\/www.tenerife.es\/\">Cabildo Insular de Tenerife<\/a> y la <a href=\"http:\/\/www.novagob.org\">Red Social de la Administraci\u00f3n P\u00fablica<\/a>, NovaGob, celebra en septiembre su tercera edici\u00f3n.<br \/>\nDurante las dos jornadas se debatir\u00e1 sobre nuevos modelos de gobernanza, transparencia y participaci\u00f3n ciudadana, a trav\u00e9s de tres ejes principales, enfocados a los valores del mandato p\u00fablico, el talento humano y la gesti\u00f3n de tecnolog\u00edas.<br \/>\nLas personas interesadas pueden inscribirse a trav\u00e9s de <a href=\"http:\/\/www.congresonovagob.com\/inscripciones\/\">este enlace<\/a> y consultar el <a href=\"http:\/\/www.congresonovagob.com\/programa-2\/\">programa preliminar del Congreso<\/a>, que se ha publicado recientemente.<\/p>\n<h4><strong>Inscripci\u00f3n<a href=\"http:\/\/www.congresonovagob.com\/inscripciones\/\"> AQU\u00cd<\/a><\/strong><\/h4>\n","protected":false},"excerpt":{"rendered":"<p>Ya est\u00e1 abierto el plazo de inscripci\u00f3n para el Congreso Iberoamericano de Innovaci\u00f3n P\u00fablica, que se desarrollar\u00e1  los d\u00edas 29 y 30 de septiembre en el Paraninfo de la Universidad de La Laguna<\/p>\n","protected":false},"author":37,"featured_media":26299,"comment_status":"closed","ping_status":"closed","sticky":false,"template":"","format":"standard","meta":{"footnotes":""},"categories":[8],"tags":[264,1055,1214,1396],"featured_image_thumbnail_url":"https:\/\/fg.ull.es\/hemeroteca\/wp-content\/uploads\/sites\/14\/2016\/05\/1-300x171.jpg","_links":{"self":[{"href":"https:\/\/fg.ull.es\/hemeroteca\/wp-json\/wp\/v2\/posts\/26298"}],"collection":[{"href":"https:\/\/fg.ull.es\/hemeroteca\/wp-json\/wp\/v2\/posts"}],"about":[{"href":"https:\/\/fg.ull.es\/hemeroteca\/wp-json\/wp\/v2\/types\/post"}],"author":[{"embeddable":true,"href":"https:\/\/fg.ull.es\/hemeroteca\/wp-json\/wp\/v2\/users\/37"}],"replies":[{"embeddable":true,"href":"https:\/\/fg.ull.es\/hemeroteca\/wp-json\/wp\/v2\/comments?post=26298"}],"version-history":[{"count":0,"href":"https:\/\/fg.ull.es\/hemeroteca\/wp-json\/wp\/v2\/posts\/26298\/revisions"}],"wp:featuredmedia":[{"embeddable":true,"href":"https:\/\/fg.ull.es\/hemeroteca\/wp-json\/wp\/v2\/media\/26299"}],"wp:attachment":[{"href":"https:\/\/fg.ull.es\/hemeroteca\/wp-json\/wp\/v2\/media?parent=26298"}],"wp:term":[{"taxonomy":"category","embeddable":true,"href":"https:\/\/fg.ull.es\/hemeroteca\/wp-json\/wp\/v2\/categories?post=26298"},{"taxonomy":"post_tag","embeddable":true,"href":"https:\/\/fg.ull.es\/hemeroteca\/wp-json\/wp\/v2\/tags?post=26298"}],"curies":[{"name":"wp","href":"https:\/\/api.w.org\/{rel}","templated":true}]}}