{"id":26253,"date":"2016-05-25T09:25:45","date_gmt":"2016-05-25T08:25:45","guid":{"rendered":"http:\/\/www.fg.ull.es\/es\/?p=26253"},"modified":"2016-05-25T09:25:45","modified_gmt":"2016-05-25T08:25:45","slug":"la-ull-acoge-un-congreso-sobre-prevencion-de-violencia-machista-entre-los-jovenes","status":"publish","type":"post","link":"https:\/\/fg.ull.es\/hemeroteca\/2016\/05\/25\/la-ull-acoge-un-congreso-sobre-prevencion-de-violencia-machista-entre-los-jovenes\/","title":{"rendered":"La ULL acoge un congreso sobre prevenci\u00f3n de violencia machista entre la poblaci\u00f3n joven"},"content":{"rendered":"<h1>La ULL acoge un congreso sobre prevenci\u00f3n de violencia machista entre\u00a0la poblaci\u00f3n joven<\/h1>\n<h4><b><i><\/i><\/b>El evento, impulsado por el Marco Estrat\u00e9gico de\u00a0Actuaciones\u00a0en Pol\u00edticas de Igualdad de G\u00e9nero Tenerife Violeta\u00a0(METV), tendr\u00e1 lugar los d\u00edas 23 y 24 de junio en el Aulario Central de Guajara de la ULL.<\/h4>\n<p>J\u00f3venes y prevenci\u00f3n de las violencias machistas. Propuestas y experiencias de intervenci\u00f3n, se celebra como parte del programa &#8220;Prevenci\u00f3n de las violencias de g\u00e9nero en adolescentes y j\u00f3venes&#8221; del METV.<br \/>\nEl congreso persigue conocer la percepci\u00f3n que tiene la juventud sobre la violencia de g\u00e9nero, mostrar los proyectos de intervenci\u00f3n destinados al p\u00fablico joven, facilitar el\u00a0intercambio de experiencias y buenas pr\u00e1cticas y reflexionar sobre la eficacia y los impactos de las actuaciones en la poblaci\u00f3n juvenil. Todo ello se conseguir\u00e1 con un <a href=\"http:\/\/fg.ull.es\/juventudyviolencia\/programa\/\" target=\"_blank\" rel=\"noopener noreferrer\">programa<\/a> completo, que contendr\u00e1 distintas <a href=\"http:\/\/fg.ull.es\/juventudyviolencia\/ponentes\/\" target=\"_blank\" rel=\"noopener noreferrer\">ponencias<\/a> y espacios para compartir experiencias.<br \/>\nEst\u00e1 organizado por la unidad de Igualdad del Cabildo de Tenerife y cuenta con la colaboraci\u00f3n de otras entidades como el Instituto Canario de Igualdad (ICI), el Instituto de Atenci\u00f3n Social y Sociosanitaria (IASS) y la Universidad de La Laguna, a trav\u00e9s de la Fundaci\u00f3n General.<br \/>\nEl evento se desarrollar\u00e1 los d\u00edas <strong>23 y 24 de Junio de 2016<\/strong>,\u00a0 en el Aula Magna del Aulario Central de Guajara de la Universidad de la Laguna. La entrada es gratuita, previa inscripci\u00f3n, ya que el aforo est\u00e1 limitado a 400 plazas. Adem\u00e1s, se podr\u00e1 seguir en streaming.<br \/>\nM\u00e1s informaci\u00f3n <a href=\"http:\/\/fg.ull.es\/juventudyviolencia\/\" target=\"_blank\" rel=\"noopener noreferrer\">AQU\u00cd<\/a><\/p>\n","protected":false},"excerpt":{"rendered":"<p>El evento, impulsado por el del Marco Estrat\u00e9gico de Actuaciones en Pol\u00edticas de Igualdad de G\u00e9nero Tenerife Violeta (METV), tendr\u00e1 lugar los d\u00edas 23 y 24 de junio en el Aulario Central de Guajara de la ULL.<\/p>\n","protected":false},"author":37,"featured_media":26256,"comment_status":"closed","ping_status":"closed","sticky":false,"template":"","format":"standard","meta":{"footnotes":""},"categories":[8],"tags":[1396],"featured_image_thumbnail_url":"https:\/\/fg.ull.es\/hemeroteca\/wp-content\/uploads\/sites\/14\/2016\/05\/banner1138x135px-300x36.png","_links":{"self":[{"href":"https:\/\/fg.ull.es\/hemeroteca\/wp-json\/wp\/v2\/posts\/26253"}],"collection":[{"href":"https:\/\/fg.ull.es\/hemeroteca\/wp-json\/wp\/v2\/posts"}],"about":[{"href":"https:\/\/fg.ull.es\/hemeroteca\/wp-json\/wp\/v2\/types\/post"}],"author":[{"embeddable":true,"href":"https:\/\/fg.ull.es\/hemeroteca\/wp-json\/wp\/v2\/users\/37"}],"replies":[{"embeddable":true,"href":"https:\/\/fg.ull.es\/hemeroteca\/wp-json\/wp\/v2\/comments?post=26253"}],"version-history":[{"count":0,"href":"https:\/\/fg.ull.es\/hemeroteca\/wp-json\/wp\/v2\/posts\/26253\/revisions"}],"wp:featuredmedia":[{"embeddable":true,"href":"https:\/\/fg.ull.es\/hemeroteca\/wp-json\/wp\/v2\/media\/26256"}],"wp:attachment":[{"href":"https:\/\/fg.ull.es\/hemeroteca\/wp-json\/wp\/v2\/media?parent=26253"}],"wp:term":[{"taxonomy":"category","embeddable":true,"href":"https:\/\/fg.ull.es\/hemeroteca\/wp-json\/wp\/v2\/categories?post=26253"},{"taxonomy":"post_tag","embeddable":true,"href":"https:\/\/fg.ull.es\/hemeroteca\/wp-json\/wp\/v2\/tags?post=26253"}],"curies":[{"name":"wp","href":"https:\/\/api.w.org\/{rel}","templated":true}]}}