{"id":25206,"date":"2016-04-15T14:13:17","date_gmt":"2016-04-15T13:13:17","guid":{"rendered":"http:\/\/www.fg.ull.es\/es\/?p=25206"},"modified":"2016-04-15T14:13:17","modified_gmt":"2016-04-15T13:13:17","slug":"los-veteranos-del-proyecto-ensenar-para-emprender-repiten-este-ano","status":"publish","type":"post","link":"https:\/\/fg.ull.es\/hemeroteca\/2016\/04\/15\/los-veteranos-del-proyecto-ensenar-para-emprender-repiten-este-ano\/","title":{"rendered":"Los veteranos del proyecto Ense\u00f1ar para Emprender, repiten este a\u00f1o"},"content":{"rendered":"<h1><strong>Los veteranos del proyecto &#8220;Ense\u00f1ar para Emprender&#8221;, repiten este a\u00f1o<\/strong><\/h1>\n<h4><strong><em>Varios centros escolares de la isla, han <\/em><\/strong><strong><em>participado en<\/em><\/strong><strong><em> el proyecto desde su inicio, ayudando a fomentar la cultura emprendedora y valores como el trabajo, la solidaridad o el compa\u00f1erismo<\/em><\/strong><\/h4>\n<p>El proyecto \u201cEnse\u00f1ar para Emprender\u201d (EPE),\u00a0 regresa con su sexta edici\u00f3n, reuniendo a participantes nuevos y veteranos. En este \u00faltimo grupo, se encuentran algunos centros que llevan implicados con la iniciativa desde su primera edici\u00f3n, que se lanz\u00f3 hace ya seis a\u00f1os. As\u00ed, el CEIP Feliciano Hern\u00e1ndez Garc\u00eda, de Santiago del Teide\u00a0y el\u00a0CEIP Chimisay, de Santa Cruz de Tenerife, constituyen una muestra de apoyo y de compromiso, con emprendimiento en edades tempranas.<br \/>\nEl proyecto impulsado por Emprende.ULL, cuenta este a\u00f1o con m\u00e1s de 900 personas de la comunidad educativa, reuniendo a 40 cooperativas escolares pertenecientes a los municipios de San Crist\u00f3bal de La Laguna, Santa Cruz de Tenerife, G\u00fcimar, Arona, Granadilla de Abona, San Miguel de Abona, Adeje, Gu\u00eda de Isora, Santiago del Teide, Santa \u00darsula y Tacoronte.<br \/>\nDichas cooperativas, crear\u00e1n productos originales a partir de materiales reciclados, que posteriormente se comercializar\u00e1n en las Ferias de Cooperativas del proyecto, \u00a0para reunir fondos que se donar\u00e1n a entidades sin \u00e1nimo de lucro y a las actividades l\u00fadicas que decidan los estudiantes.<br \/>\n\u201cEnse\u00f1ar Para Emprender\u201d se enmarca dentro de plan de acciones que la Unidad de Emprendimiento de la Fundaci\u00f3n General de la Universidad de La Laguna, realiza durante todo el a\u00f1o, para fomentar el emprendimiento y respaldar a los futuros emprendedores y emprendedores de la isla.<br \/>\n&nbsp;<\/p>\n","protected":false},"excerpt":{"rendered":"<p>Varios centros escolares de la isla, han participado en el proyecto desde su inicio, ayudando a fomentar la cultura emprendedora y valores como el trabajo, la solidaridad o el compa\u00f1erismo<\/p>\n","protected":false},"author":37,"featured_media":25207,"comment_status":"closed","ping_status":"closed","sticky":false,"template":"","format":"standard","meta":{"footnotes":""},"categories":[8],"tags":[541,564,570,705,1396],"featured_image_thumbnail_url":"https:\/\/fg.ull.es\/hemeroteca\/wp-content\/uploads\/sites\/14\/2016\/04\/uno_de_los_stands_de_los_ninos_y_ninas_participantes_en_la_feriajpg-727x409-1-300x169.jpg","_links":{"self":[{"href":"https:\/\/fg.ull.es\/hemeroteca\/wp-json\/wp\/v2\/posts\/25206"}],"collection":[{"href":"https:\/\/fg.ull.es\/hemeroteca\/wp-json\/wp\/v2\/posts"}],"about":[{"href":"https:\/\/fg.ull.es\/hemeroteca\/wp-json\/wp\/v2\/types\/post"}],"author":[{"embeddable":true,"href":"https:\/\/fg.ull.es\/hemeroteca\/wp-json\/wp\/v2\/users\/37"}],"replies":[{"embeddable":true,"href":"https:\/\/fg.ull.es\/hemeroteca\/wp-json\/wp\/v2\/comments?post=25206"}],"version-history":[{"count":0,"href":"https:\/\/fg.ull.es\/hemeroteca\/wp-json\/wp\/v2\/posts\/25206\/revisions"}],"wp:featuredmedia":[{"embeddable":true,"href":"https:\/\/fg.ull.es\/hemeroteca\/wp-json\/wp\/v2\/media\/25207"}],"wp:attachment":[{"href":"https:\/\/fg.ull.es\/hemeroteca\/wp-json\/wp\/v2\/media?parent=25206"}],"wp:term":[{"taxonomy":"category","embeddable":true,"href":"https:\/\/fg.ull.es\/hemeroteca\/wp-json\/wp\/v2\/categories?post=25206"},{"taxonomy":"post_tag","embeddable":true,"href":"https:\/\/fg.ull.es\/hemeroteca\/wp-json\/wp\/v2\/tags?post=25206"}],"curies":[{"name":"wp","href":"https:\/\/api.w.org\/{rel}","templated":true}]}}