{"id":23892,"date":"2016-02-16T12:38:35","date_gmt":"2016-02-16T12:38:35","guid":{"rendered":"http:\/\/www.fg.ull.es\/es\/?p=23892"},"modified":"2016-02-16T12:38:35","modified_gmt":"2016-02-16T12:38:35","slug":"abierto-el-plazo-de-inscripcion-para-el-alumnado-universitario-en-la-experiencia-ruta-siete-ulpg","status":"publish","type":"post","link":"https:\/\/fg.ull.es\/hemeroteca\/2016\/02\/16\/abierto-el-plazo-de-inscripcion-para-el-alumnado-universitario-en-la-experiencia-ruta-siete-ulpg\/","title":{"rendered":"Abierto el plazo de inscripci\u00f3n para el alumnado universitario en la experiencia Ruta Siete ULPGC"},"content":{"rendered":"<h1>Abierto el plazo de inscripci\u00f3n para el alumnado universitario en la experiencia Ruta Siete ULPGC<\/h1>\n<h4>Hasta el 13 de marzo las personas interesadas pueden formalizar su inscripci\u00f3n en la web de Ruta Siete, un programa con el que recorrer\u00e1n las islas de forma n\u00f3mada, compartiendo aventuras con sus acompa\u00f1antes de viaje, el entorno y la poblaci\u00f3n de cada lugar que visiten<\/h4>\n<p>La Universidad de Las Palmas de Gran Canaria ha comenzado ya con la primera fase del proceso de selecci\u00f3n de participantes para esta iniciativa, tras el \u00e9xito alcanzado en las ediciones anteriores. Un total de 45 estudiantes de cualquier universidad espa\u00f1ola o extranjera, se unir\u00e1n para compartir una experiencia nueva y muy enriquecedora, dejando una huella positiva a su paso.<br \/>\nEs un programa de innovaci\u00f3n social organizado por el Vicerrectorado de Cultura y Atenci\u00f3n Integral de la Universidad de Las Palmas de Gran Canaria y por la Fundaci\u00f3n Universitaria de Las Palmas. Para formar parte de Ruta Siete, al alumnado solo se le exige tener un conocimiento m\u00ednimo del espa\u00f1ol y, sobre todo, ganas de vivir algo nuevo.<br \/>\nPara esta primera fase es preciso rellenar un formulario web con datos personales y acad\u00e9micos. Se tendr\u00e1 en cuenta el orden de inscripci\u00f3n en esta primera etapa. Posteriormente, cada aspirante deber\u00e1 presentar un v\u00eddeo de un minuto explicando su motivaci\u00f3n para asistir. Las personas que resulten seleccionadas, pasar\u00e1n un fin de semana de convivencia que culminar\u00e1 el proceso de selecci\u00f3n.<br \/>\nDurante la duraci\u00f3n de Ruta 7, los\/las participantes interactuar\u00e1n entre s\u00ed y con el entorno mediante truque e intercambio, encarg\u00e1ndose de distintas tareas. Se pretende fomentar as\u00ed, a trav\u00e9s de una vivencia n\u00f3mada, distintos valores como la cooperaci\u00f3n, la creatividad, la superaci\u00f3n o la diversidad. Una oportunidad \u00fanica para conocer Canarias de un modo diferente.<br \/>\n<a href=\"http:\/\/www.rutasiete.ulpgc.es\/inscripcion\" target=\"_blank\" rel=\"noopener noreferrer\">INSCRIPCI\u00d3N AQU\u00cd<\/a><\/p>\n","protected":false},"excerpt":{"rendered":"<p>Hasta el 13 de marzo las personas interesadas pueden formalizar su inscripci\u00f3n en la web de Ruta Siete, un programa con el que recorrer\u00e1n las islas de forma n\u00f3mada, compartiendo aventuras con sus acompa\u00f1antes de viaje, el entorno y la poblaci\u00f3n de cada lugar que visiten<\/p>\n","protected":false},"author":37,"featured_media":23893,"comment_status":"closed","ping_status":"closed","sticky":false,"template":"","format":"standard","meta":{"footnotes":""},"categories":[3,5,6,8],"tags":[],"featured_image_thumbnail_url":"https:\/\/fg.ull.es\/hemeroteca\/wp-content\/uploads\/sites\/14\/2016\/02\/ruta7-300x111.jpg","_links":{"self":[{"href":"https:\/\/fg.ull.es\/hemeroteca\/wp-json\/wp\/v2\/posts\/23892"}],"collection":[{"href":"https:\/\/fg.ull.es\/hemeroteca\/wp-json\/wp\/v2\/posts"}],"about":[{"href":"https:\/\/fg.ull.es\/hemeroteca\/wp-json\/wp\/v2\/types\/post"}],"author":[{"embeddable":true,"href":"https:\/\/fg.ull.es\/hemeroteca\/wp-json\/wp\/v2\/users\/37"}],"replies":[{"embeddable":true,"href":"https:\/\/fg.ull.es\/hemeroteca\/wp-json\/wp\/v2\/comments?post=23892"}],"version-history":[{"count":0,"href":"https:\/\/fg.ull.es\/hemeroteca\/wp-json\/wp\/v2\/posts\/23892\/revisions"}],"wp:featuredmedia":[{"embeddable":true,"href":"https:\/\/fg.ull.es\/hemeroteca\/wp-json\/wp\/v2\/media\/23893"}],"wp:attachment":[{"href":"https:\/\/fg.ull.es\/hemeroteca\/wp-json\/wp\/v2\/media?parent=23892"}],"wp:term":[{"taxonomy":"category","embeddable":true,"href":"https:\/\/fg.ull.es\/hemeroteca\/wp-json\/wp\/v2\/categories?post=23892"},{"taxonomy":"post_tag","embeddable":true,"href":"https:\/\/fg.ull.es\/hemeroteca\/wp-json\/wp\/v2\/tags?post=23892"}],"curies":[{"name":"wp","href":"https:\/\/api.w.org\/{rel}","templated":true}]}}