{"id":23644,"date":"2016-02-04T10:21:34","date_gmt":"2016-02-04T10:21:34","guid":{"rendered":"http:\/\/www.fg.ull.es\/es\/?p=23644"},"modified":"2016-02-04T10:21:34","modified_gmt":"2016-02-04T10:21:34","slug":"firmado-convenio-de-colaboracion-entre-la-fundacion-general-de-la-ull-y-la-sociedad-de-desarrollo-de-santa-cruz-de-tenerife","status":"publish","type":"post","link":"https:\/\/fg.ull.es\/hemeroteca\/2016\/02\/04\/firmado-convenio-de-colaboracion-entre-la-fundacion-general-de-la-ull-y-la-sociedad-de-desarrollo-de-santa-cruz-de-tenerife\/","title":{"rendered":"Firmado convenio de colaboraci\u00f3n entre la Fundaci\u00f3n General de la ULL y la Sociedad de Desarrollo de Santa Cruz de Tenerife"},"content":{"rendered":"<h1>Firmado convenio de colaboraci\u00f3n entre la Fundaci\u00f3n General de la ULL y la Sociedad de Desarrollo de Santa Cruz de Tenerife<\/h1>\n<h4>Ayer, mi\u00e9rcoles 3 de febrero, se rubricaba el acuerdo que permitir\u00e1 acciones conjuntas en materia de, entre otros, emprendimiento de base tecnol\u00f3gico, formaci\u00f3n especializada y fomento del empleo<\/h4>\n<p>La Universidad de La Laguna, a trav\u00e9s de su Fundaci\u00f3n General, y la Sociedad de Desarrollo del Ayuntamiento de Santa Cruz de Tenerife sellaban hoy en la sede de la organizaci\u00f3n santacrucera un convenio marco que permitir\u00e1 a ambas instituciones el desarrollo de acciones con objetivos comunes: la promoci\u00f3n de la cultura cient\u00edfica y de la innovaci\u00f3n, del emprendimiento, especialmente de base tecnol\u00f3gica, y la mejora de la empleabiliad de los j\u00f3venes con titulaci\u00f3n del municipio de Santa Cruz, especialmente a trav\u00e9s del acceso a acciones formativas.<br \/>\nLa firma se llevaba a cabo por el noveno teniente de alcalde y concejal de Promoci\u00f3n Econ\u00f3mica, Alfonso Cabello y el gerente de la Fundaci\u00f3n General universitaria, el profesor Julio Brito. Ambos se mostraron satisfechos y confiados con la proyecci\u00f3n de esta colaboraci\u00f3n. Julio Brito expresaba que \u201ccon este convenio seguimos en la l\u00ednea de abrir y consolidar colaboraciones en materias clave para la Universidad de La Laguna como son el fomento del emprendimiento de car\u00e1cter tecnol\u00f3gico, b\u00e1sico para canalizar el talento de nuestros egresados, o la divulgaci\u00f3n cient\u00edfica de forma que aportemos a crear una sociedad m\u00e1s sensibilizada con la importancia de la investigaci\u00f3n aplicada\u201d.\u00a0 A\u00f1ad\u00eda tambi\u00e9n que \u201ceste convenio recoge, entre otros, estos objetivos y el compromiso de empezar a trabajar con la Sociedad de Desarrollo de forma inmediata: tenemos un apoyo conjunto al Startup Weekend, una iniciativa que se ha consolidado como el mejor encuentro de networking, aprendizaje y emprendimiento desarrollado en Tenerife y que de la mano de la Sociedad de Desarrollo da el salto a la capital santacrucera\u201d. Y conclu\u00eda aclarando que \u201choy creamos un marco efectivo de cooperaci\u00f3n que permitir\u00e1 que un mayor n\u00famero de personas se beneficien de estas iniciativas y que la comunidad universitaria, asimismo, se vea beneficiada de las diferentes acciones desarrolladas por la Sociedad de Desarrollo\u201d.<br \/>\nPor su parte, Alfonso Cabello, ha explicado que \u201cse trata de un convenio marco que permitir\u00e1 potenciar diversas l\u00edneas y que pretenden enmarcar las relaciones entre ambas instituciones de cara a la puesta en marcha de programas o acciones para la poblaci\u00f3n local\u201d. Asimismo, el edil ha apuntado que \u201ceste convenio ser\u00e1 de duraci\u00f3n indefinida y facilitar\u00e1 la puesta en marcha de numerosas acciones de diversa \u00edndole en materia de empleo, formaci\u00f3n y emprendimiento\u201d.<br \/>\n\u201cLa primera de estas colaboraciones entre ambas entidades se realizar\u00e1 junto al grupo de profesionales multidisciplinares que organizar\u00e1n entre el 4 y el 6 de marzo la cuarta edici\u00f3n de Startup Weekend Tenerife en el Espacio La Recova de la capital tinerfe\u00f1a y que congregar\u00e1 a cientos de j\u00f3venes en busca del desarrollo.<\/p>\n","protected":false},"excerpt":{"rendered":"<p>Ayer, mi\u00e9rcoles 3 de febrero, se rubricaba el acuerdo que permitir\u00e1 acciones conjuntas en materia de, entre otros, emprendimiento de base tecnol\u00f3gico, formaci\u00f3n especializada y fomento del empleo<\/p>\n","protected":false},"author":35,"featured_media":23645,"comment_status":"closed","ping_status":"closed","sticky":false,"template":"","format":"standard","meta":{"footnotes":""},"categories":[6],"tags":[118,128,361,382,392,532,541,659,1306,1396,1426],"featured_image_thumbnail_url":"https:\/\/fg.ull.es\/hemeroteca\/wp-content\/uploads\/sites\/14\/2016\/02\/TG_030216_firma-ull-y-sdad.desarrollo4-300x200.jpg","_links":{"self":[{"href":"https:\/\/fg.ull.es\/hemeroteca\/wp-json\/wp\/v2\/posts\/23644"}],"collection":[{"href":"https:\/\/fg.ull.es\/hemeroteca\/wp-json\/wp\/v2\/posts"}],"about":[{"href":"https:\/\/fg.ull.es\/hemeroteca\/wp-json\/wp\/v2\/types\/post"}],"author":[{"embeddable":true,"href":"https:\/\/fg.ull.es\/hemeroteca\/wp-json\/wp\/v2\/users\/35"}],"replies":[{"embeddable":true,"href":"https:\/\/fg.ull.es\/hemeroteca\/wp-json\/wp\/v2\/comments?post=23644"}],"version-history":[{"count":0,"href":"https:\/\/fg.ull.es\/hemeroteca\/wp-json\/wp\/v2\/posts\/23644\/revisions"}],"wp:featuredmedia":[{"embeddable":true,"href":"https:\/\/fg.ull.es\/hemeroteca\/wp-json\/wp\/v2\/media\/23645"}],"wp:attachment":[{"href":"https:\/\/fg.ull.es\/hemeroteca\/wp-json\/wp\/v2\/media?parent=23644"}],"wp:term":[{"taxonomy":"category","embeddable":true,"href":"https:\/\/fg.ull.es\/hemeroteca\/wp-json\/wp\/v2\/categories?post=23644"},{"taxonomy":"post_tag","embeddable":true,"href":"https:\/\/fg.ull.es\/hemeroteca\/wp-json\/wp\/v2\/tags?post=23644"}],"curies":[{"name":"wp","href":"https:\/\/api.w.org\/{rel}","templated":true}]}}