{"id":23485,"date":"2016-01-27T13:07:28","date_gmt":"2016-01-27T13:07:28","guid":{"rendered":"http:\/\/www.fg.ull.es\/es\/?p=23485"},"modified":"2016-01-27T13:07:28","modified_gmt":"2016-01-27T13:07:28","slug":"visita-del-alumnado-del-ies-sabino-berthelot-a-las-instalaciones-del-instituto-volcanologico-de-canarias","status":"publish","type":"post","link":"https:\/\/fg.ull.es\/hemeroteca\/2016\/01\/27\/visita-del-alumnado-del-ies-sabino-berthelot-a-las-instalaciones-del-instituto-volcanologico-de-canarias\/","title":{"rendered":"Visita del alumnado del IES Sabino Berthelot a las instalaciones del Instituto Volcanol\u00f3gico de Canarias"},"content":{"rendered":"<h1>Visita del alumnado del IES Sabino Berthelot a las instalaciones del Instituto Volcanol\u00f3gico de Canarias<\/h1>\n<h4>La actividad tuvo lugar el d\u00eda 25 de enero como parte de las \u201cVisitas a Centros de Investigaci\u00f3n de Canarias\u201d<\/h4>\n<p>El pasado lunes, 26 j\u00f3venes de 1\u00ba de Bachillerato y de 4\u00ba ESO del instituto de El Sauzal, Sabino Berthelot, visitaron la sede del Instituto Volcanol\u00f3gico de Canarias (INVOLCAN) en el Puerto de la Cruz, en el marco de la actividad \u201cVisitas a Centros de investigaci\u00f3n de Canarias\u201d del Proyecto para el Fomento de las Vocaciones Cient\u00edficas y Profesionales de la isla de Tenerife.<br \/>\nEl doctor Nemesio P\u00e9rez fue el encargado de recibir e informar al grupo a trav\u00e9s de una charla donde explic\u00f3 el proceso de creaci\u00f3n del Instituto y qui\u00e9nes lo componen, la situaci\u00f3n volcanol\u00f3gica de Canarias y explic\u00f3 el concepto de erupci\u00f3n hist\u00f3rica, poniendo algunos ejemplos de las que se han producido en las Islas y cu\u00e1l ha sido la magnitud de los da\u00f1os que han causado. Adem\u00e1s, expuso la idea de riesgo volc\u00e1nico e hizo un repaso por los diferentes peligros volc\u00e1nicos asociados y la importancia que tiene educar a la poblaci\u00f3n en esto, dadas las especiales caracter\u00edsticas del territorio canario en este sentido.<br \/>\nLa visita concluy\u00f3 en la sala de monitorizaci\u00f3n de INVOLCAN, donde los j\u00f3venes pudieron ver c\u00f3mo llegan los datos a los diferentes equipos de que disponen, para luego ser analizados. De esta forma, el alumnado pudo entender algunos de los conceptos y explicaciones que Nemesio P\u00e9rez les hab\u00eda expuesto al inicio de la visita pero de una manera m\u00e1s pr\u00e1ctica.<br \/>\nEl Programa para el Fomento de las \u201cVocaciones Cient\u00edficas y Profesionales\u201d del alumnado de la isla de Tenerife es una iniciativa desarrolla por la Universidad de La Laguna y su Fundaci\u00f3n General, a trav\u00e9s de su Unidad de Cultura Cient\u00edfica y de la Innovaci\u00f3n, Cienci@ULL, y financiada por el Cabildo Insular de Tenerife.<\/p>\n","protected":false},"excerpt":{"rendered":"<p>La actividad tuvo lugar el d\u00eda 25 de enero como parte de las \u201cVisitas a Centros de Investigaci\u00f3n de Canarias\u201d<\/p>\n","protected":false},"author":35,"featured_media":23486,"comment_status":"closed","ping_status":"closed","sticky":false,"template":"","format":"standard","meta":{"footnotes":""},"categories":[8],"tags":[338,785,838,1396,1426,1472,1477],"featured_image_thumbnail_url":"https:\/\/fg.ull.es\/hemeroteca\/wp-content\/uploads\/sites\/14\/2016\/01\/P1250355-300x225.jpg","_links":{"self":[{"href":"https:\/\/fg.ull.es\/hemeroteca\/wp-json\/wp\/v2\/posts\/23485"}],"collection":[{"href":"https:\/\/fg.ull.es\/hemeroteca\/wp-json\/wp\/v2\/posts"}],"about":[{"href":"https:\/\/fg.ull.es\/hemeroteca\/wp-json\/wp\/v2\/types\/post"}],"author":[{"embeddable":true,"href":"https:\/\/fg.ull.es\/hemeroteca\/wp-json\/wp\/v2\/users\/35"}],"replies":[{"embeddable":true,"href":"https:\/\/fg.ull.es\/hemeroteca\/wp-json\/wp\/v2\/comments?post=23485"}],"version-history":[{"count":0,"href":"https:\/\/fg.ull.es\/hemeroteca\/wp-json\/wp\/v2\/posts\/23485\/revisions"}],"wp:featuredmedia":[{"embeddable":true,"href":"https:\/\/fg.ull.es\/hemeroteca\/wp-json\/wp\/v2\/media\/23486"}],"wp:attachment":[{"href":"https:\/\/fg.ull.es\/hemeroteca\/wp-json\/wp\/v2\/media?parent=23485"}],"wp:term":[{"taxonomy":"category","embeddable":true,"href":"https:\/\/fg.ull.es\/hemeroteca\/wp-json\/wp\/v2\/categories?post=23485"},{"taxonomy":"post_tag","embeddable":true,"href":"https:\/\/fg.ull.es\/hemeroteca\/wp-json\/wp\/v2\/tags?post=23485"}],"curies":[{"name":"wp","href":"https:\/\/api.w.org\/{rel}","templated":true}]}}