{"id":23300,"date":"2016-01-18T11:30:56","date_gmt":"2016-01-18T11:30:56","guid":{"rendered":"http:\/\/www.fg.ull.es\/es\/?p=23300"},"modified":"2016-01-18T11:30:56","modified_gmt":"2016-01-18T11:30:56","slug":"el-alumnado-del-cifp-cesar-manrique-conoce-la-labor-que-se-realiza-en-rtve","status":"publish","type":"post","link":"https:\/\/fg.ull.es\/hemeroteca\/2016\/01\/18\/el-alumnado-del-cifp-cesar-manrique-conoce-la-labor-que-se-realiza-en-rtve\/","title":{"rendered":"El alumnado del CIFP C\u00e9sar Manrique conoce la labor que se realiza en RTVE"},"content":{"rendered":"<h1><strong>El alumnado del CIFP C\u00e9sar Manrique conoce la labor que se realiza en RTVE <\/strong><\/h1>\n<h4>El alumnado de segundo curso del Ciclo Superior de Producci\u00f3n de Audiovisuales del CIFP C\u00e9sar Manrique acudi\u00f3 el pasado 15 de enero al centro de producci\u00f3n de RTVE, situado en Santa Cruz de Tenerife, de 9 a 13 horas. La finalidad de esta visita fue mostrar al alumnado de la mano del personal de Radio Televisi\u00f3n Espa\u00f1ola la actividad que desarrollan y los diferentes perfiles profesionales con los que cuentan en su plantilla, adem\u00e1s de las funciones que all\u00ed se realizan. El objetivo es ayudar a orientar y motivar al alumnado en sus posibles salidas profesionales.<\/h4>\n<p>Esta actividad, denominada <em>Visitas a Empresas<\/em>, est\u00e1 desarrollada por la Unidad de Cultura Cient\u00edfica y de la Innovaci\u00f3n de la Universidad de La Laguna (Cienci@ULL) y se realiza en el marco del Proyecto para el Fomento de las Vocaciones Cient\u00edficas y Profesionales del alumnado de la isla de Tenerife, que est\u00e1 financiado por el Cabildo de dicha isla.<br \/>\nLos asistentes, un grupo de dieciocho j\u00f3venes, fueron recibidos por D. Edilberto Rodr\u00edguez, profesional del \u00e1rea de realizaci\u00f3n de este centro territorial de la cadena, qui\u00e9n los gui\u00f3 por los diferentes espacios, comenzando por la planta en la que se encuentra la zona de redacci\u00f3n y producci\u00f3n. All\u00ed, les fue explicado al alumnado c\u00f3mo se desarrolla el trabajo diario de productores y periodistas y, los medios de los que se valen para realizarlo, incluyendo, los sistemas de almacenamiento y archivo digitales que tienen en el centro.<br \/>\nEl recorrido continu\u00f3 con la visita al control de realizaci\u00f3n y luego a las salas de edici\u00f3n de v\u00eddeo, donde se realiza la posproducci\u00f3n en las piezas audiovisuales, previamente elaboradas por los periodistas, y cuya labor hace que queden listas para su emisi\u00f3n. A continuaci\u00f3n, la visita continu\u00f3 por el \u00e1rea de grafismo en la que se elaboran todos aquellos contenidos de este tipo, que, por lo general, se introducen en las piezas audiovisuales elaboradas.<br \/>\nLa visita concluy\u00f3 en el plat\u00f3 de televisi\u00f3n explicando los diferentes componentes de este, incluyendo los controles desde los que se llevan a cabo las emisiones de este centro de producci\u00f3n regional. Durante la visita el alumnado obtuvo respuesta a todas las preguntas que pudieron plantearse, los asistentes se mostraron especialmente interesados en los aspectos relacionados con la producci\u00f3n.<\/p>\n","protected":false},"excerpt":{"rendered":"<p>El alumnado de segundo curso del Ciclo Superior de Producci\u00f3n de Audiovisuales del CIFP C\u00e9sar Manrique acudi\u00f3 el pasado 15 de enero al centro de producci\u00f3n de RTVE, situado en Santa Cruz de Tenerife, de 9 a 13 horas. La finalidad de esta visita fue mostrar al alumnado de la mano del personal de Radio Televisi\u00f3n Espa\u00f1ola la actividad que desarrollan y los diferentes perfiles profesionales con los que cuentan en su plantilla, adem\u00e1s de las funciones que all\u00ed se realizan. El objetivo es ayudar a orientar y motivar al alumnado en sus posibles salidas profesionales.<\/p>\n","protected":false},"author":35,"featured_media":23301,"comment_status":"closed","ping_status":"closed","sticky":false,"template":"","format":"standard","meta":{"footnotes":""},"categories":[8,11,13],"tags":[338,348,1152,1233,1396,1426],"featured_image_thumbnail_url":"https:\/\/fg.ull.es\/hemeroteca\/wp-content\/uploads\/sites\/14\/2016\/01\/P1150215-300x225.jpg","_links":{"self":[{"href":"https:\/\/fg.ull.es\/hemeroteca\/wp-json\/wp\/v2\/posts\/23300"}],"collection":[{"href":"https:\/\/fg.ull.es\/hemeroteca\/wp-json\/wp\/v2\/posts"}],"about":[{"href":"https:\/\/fg.ull.es\/hemeroteca\/wp-json\/wp\/v2\/types\/post"}],"author":[{"embeddable":true,"href":"https:\/\/fg.ull.es\/hemeroteca\/wp-json\/wp\/v2\/users\/35"}],"replies":[{"embeddable":true,"href":"https:\/\/fg.ull.es\/hemeroteca\/wp-json\/wp\/v2\/comments?post=23300"}],"version-history":[{"count":0,"href":"https:\/\/fg.ull.es\/hemeroteca\/wp-json\/wp\/v2\/posts\/23300\/revisions"}],"wp:featuredmedia":[{"embeddable":true,"href":"https:\/\/fg.ull.es\/hemeroteca\/wp-json\/wp\/v2\/media\/23301"}],"wp:attachment":[{"href":"https:\/\/fg.ull.es\/hemeroteca\/wp-json\/wp\/v2\/media?parent=23300"}],"wp:term":[{"taxonomy":"category","embeddable":true,"href":"https:\/\/fg.ull.es\/hemeroteca\/wp-json\/wp\/v2\/categories?post=23300"},{"taxonomy":"post_tag","embeddable":true,"href":"https:\/\/fg.ull.es\/hemeroteca\/wp-json\/wp\/v2\/tags?post=23300"}],"curies":[{"name":"wp","href":"https:\/\/api.w.org\/{rel}","templated":true}]}}