{"id":22912,"date":"2016-01-11T12:09:12","date_gmt":"2016-01-11T12:09:12","guid":{"rendered":"http:\/\/www.fg.ull.es\/es\/?p=22912"},"modified":"2016-01-11T12:09:12","modified_gmt":"2016-01-11T12:09:12","slug":"22912","status":"publish","type":"post","link":"https:\/\/fg.ull.es\/hemeroteca\/2016\/01\/11\/22912\/","title":{"rendered":"Abierto el periodo de inscripci\u00f3n para la VII Escuela de Participaci\u00f3n Social A\u00f1aza"},"content":{"rendered":"<h1>Abierto el periodo de inscripci\u00f3n para la VII Escuela de Participaci\u00f3n Social A\u00f1aza<\/h1>\n<h4>La Escuela de Participaci\u00f3n Social tendr\u00e1 lugar entre los d\u00edas 13 y 30 del presente mes de enero, los mi\u00e9rcoles de 17 a 20 horas y los s\u00e1bado de 10 a 13 horas hasta completar un total de 20.<\/h4>\n<p>Se trata de un espacio para el aprendizaje compartido, itinerante y adaptado a cada realidad, respondiendo de esta manera a las expectativas personales de forma viva, din\u00e1mica, activa, cr\u00edtica y pr\u00e1ctica, mediante el intercambio de experiencias. La Escuela se divide en cinco talleres y una vivencia, cada uno cuenta con la siguiente estructura: experiencia participativa, b\u00fasqueda de claves \u00fatiles de la misma, y por \u00faltimo, c\u00e1psula formativa.<br \/>\nEn esta ocasi\u00f3n, las experiencias participativas, contar\u00e1n con la presencia de la coordinadora de colectivos juveniles Nenedam, el grupo de participaci\u00f3n ciudadana: \u201cTaco para todxs\u201d, el Semillero, el grupo de participaci\u00f3n Infantil \u201cAmiguitos y Amiguitas\u201d\u00a0y el Centro Social Okupado Taucho.<br \/>\nPor su parte, las c\u00e1psulas formativas, abordar\u00e1n los siguientes temas: \u00bfC\u00f3mo construir relaciones desde la diversidad?, \u00bfqu\u00e9 es el sue\u00f1o y c\u00f3mo construir un sue\u00f1o compartido?, \u00bfqu\u00e9 valores ayudan a fomentar la participaci\u00f3n social?, \u00bfc\u00f3mo dinamizar y moderar una reuni\u00f3n? y \u00bfc\u00f3mo promover la sostenibilidad de los procesos participativos?<br \/>\nPuede consultar toda la informaci\u00f3n <a href=\"https:\/\/sede.fg.ull.es\/es\/curso\/detalle\/a15110185\/vii-escuela-de-participacion-social-a-aza\">AQU\u00cd<\/a>.<\/p>\n","protected":false},"excerpt":{"rendered":"<p>La Escuela de Participaci\u00f3n Social tendr\u00e1 lugar entre los d\u00edas 13 y 30 del presente mes de enero, los mi\u00e9rcoles de 17 a 20 horas y los s\u00e1bado de 10 a 13 horas hasta completar un total de 20.<\/p>\n","protected":false},"author":35,"featured_media":22914,"comment_status":"closed","ping_status":"closed","sticky":false,"template":"","format":"standard","meta":{"footnotes":""},"categories":[1],"tags":[153,582,1091,1305,1335,1396,1426],"featured_image_thumbnail_url":"https:\/\/fg.ull.es\/hemeroteca\/wp-content\/uploads\/sites\/14\/2016\/01\/DSC00020-727x409-1-300x169.jpg","_links":{"self":[{"href":"https:\/\/fg.ull.es\/hemeroteca\/wp-json\/wp\/v2\/posts\/22912"}],"collection":[{"href":"https:\/\/fg.ull.es\/hemeroteca\/wp-json\/wp\/v2\/posts"}],"about":[{"href":"https:\/\/fg.ull.es\/hemeroteca\/wp-json\/wp\/v2\/types\/post"}],"author":[{"embeddable":true,"href":"https:\/\/fg.ull.es\/hemeroteca\/wp-json\/wp\/v2\/users\/35"}],"replies":[{"embeddable":true,"href":"https:\/\/fg.ull.es\/hemeroteca\/wp-json\/wp\/v2\/comments?post=22912"}],"version-history":[{"count":0,"href":"https:\/\/fg.ull.es\/hemeroteca\/wp-json\/wp\/v2\/posts\/22912\/revisions"}],"wp:featuredmedia":[{"embeddable":true,"href":"https:\/\/fg.ull.es\/hemeroteca\/wp-json\/wp\/v2\/media\/22914"}],"wp:attachment":[{"href":"https:\/\/fg.ull.es\/hemeroteca\/wp-json\/wp\/v2\/media?parent=22912"}],"wp:term":[{"taxonomy":"category","embeddable":true,"href":"https:\/\/fg.ull.es\/hemeroteca\/wp-json\/wp\/v2\/categories?post=22912"},{"taxonomy":"post_tag","embeddable":true,"href":"https:\/\/fg.ull.es\/hemeroteca\/wp-json\/wp\/v2\/tags?post=22912"}],"curies":[{"name":"wp","href":"https:\/\/api.w.org\/{rel}","templated":true}]}}